{"id":6557,"date":"2023-10-20T15:07:16","date_gmt":"2023-10-20T18:07:16","guid":{"rendered":"https:\/\/www.paparazzinews.com.br\/?p=6557"},"modified":"2023-10-20T15:07:16","modified_gmt":"2023-10-20T18:07:16","slug":"proprietario-de-boi-que-invadiu-fazenda-e-atacou-homem-e-condenado","status":"publish","type":"post","link":"https:\/\/www.paparazzinews.com.br\/?p=6557","title":{"rendered":"Propriet\u00e1rio de boi que invadiu fazenda e atacou homem \u00e9 condenado"},"content":{"rendered":"\n<p>A 4\u00aa C\u00e2mara de Direito Privado do Tribunal de Justi\u00e7a de S\u00e3o Paulo manteve decis\u00e3o da 1\u00aa Vara de Agudos, proferida pelo juiz Saulo Mega Soares e Silva, que condenou fazendeiro a indenizar, por danos morais e materiais, sucessores de propriet\u00e1rio de est\u00e2ncia invadida por boi. As repara\u00e7\u00f5es foram fixadas em R$ 14.795,68, a t\u00edtulo de danos materiais, e R$ 50 mil pelos danos morais.<\/p>\n\n\n\n<p>De acordo com os autos, o autor da a\u00e7\u00e3o, j\u00e1 falecido, foi informado por funcion\u00e1rio de que um boi do r\u00e9u havia invadido sua propriedade. Ao tentar isolar o animal para que n\u00e3o houvesse risco de contamina\u00e7\u00e3o por insemina\u00e7\u00e3o n\u00e3o desej\u00e1vel, uma vez que seu gado era de outra ra\u00e7a, o homem foi atacado com coices e cabe\u00e7adas e ficou gravemente ferido.<\/p>\n\n\n\n<p>Em seu voto, o relator do recurso, desembargador Enio Zuliani, destacou que cabe ao propriet\u00e1rio do boi o dever de vigil\u00e2ncia sobre o animal, raz\u00e3o pela qual deve responder pelos danos causados por ele. \u201cO animal agiu por impulso e tudo leva a crer que o fez ao ser isolado das vacas, reagiu como animal enfurecido. De qualquer modo, seja esse, aquele ou qualquer raz\u00e3o deliberativa, o fato \u00e9 que o boi atacou a v\u00edtima e n\u00e3o foi impulsionado a essa rea\u00e7\u00e3o violenta. Isso \u00e9 o que importa: a v\u00edtima foi atingida de forma grave quando apartava o boi do apelante, em uma opera\u00e7\u00e3o natural ou t\u00edpica da ocorr\u00eancia de fazendas de gado. A conclus\u00e3o \u00e9 uma s\u00f3, ou seja, ocorreu falha de conduta do guardi\u00e3o do boi (o apelante) e isso fez com que o dano fosse concretizado\u201d, frisou.<\/p>\n\n\n\n<p>Os desembargadores Marcia Dalla D\u00e9a Barone e Alcides Leopoldo integraram a turma de julgamento. A vota\u00e7\u00e3o foi un\u00e2nime.<\/p>\n\n\n\n<p>Embargos de declara\u00e7\u00e3o n\u00ba&nbsp;<a href=\"https:\/\/esaj.tjsp.jus.br\/cposg\/show.do?processo.codigo=RI006JH5L12KX\">0001536-81-2014.8.26.0058\/50001<\/a><\/p>\n\n\n\n<p><strong><em><strong><em><strong>Participe da comunidade do Canal Roni Paparazzi no Whatsapp e receba as principais not\u00edcias do dia direto no seu celular.<\/strong>\u00a0<a rel=\"noreferrer noopener\" href=\"https:\/\/chat.whatsapp.com\/GsG1XKo0jPOEfjzudWQcml\" target=\"_blank\">\u00a0Clique aqui e se inscreva.<\/a><\/em><\/strong><\/em><\/strong><\/p>\n","protected":false},"excerpt":{"rendered":"<p>A 4\u00aa C\u00e2mara de Direito Privado do Tribunal de Justi\u00e7a de S\u00e3o Paulo manteve decis\u00e3o da 1\u00aa Vara de Agudos, proferida pelo juiz Saulo Mega Soares e Silva, que condenou fazendeiro a indenizar, por danos morais e materiais, sucessores de propriet\u00e1rio de est\u00e2ncia invadida por boi. As repara\u00e7\u00f5es foram fixadas em R$ 14.795,68, a t\u00edtulo &hellip;<\/p>\n","protected":false},"author":1,"featured_media":6558,"comment_status":"open","ping_status":"open","sticky":false,"template":"","format":"standard","meta":{"_jetpack_memberships_contains_paid_content":false,"footnotes":"","jetpack_publicize_message":"","jetpack_publicize_feature_enabled":true,"jetpack_social_post_already_shared":false,"jetpack_social_options":{"image_generator_settings":{"template":"highway","default_image_id":0,"enabled":false},"version":2}},"categories":[3],"tags":[],"class_list":["post-6557","post","type-post","status-publish","format-standard","has-post-thumbnail","hentry","category-policial"],"jetpack_publicize_connections":[],"jetpack_featured_media_url":"https:\/\/i0.wp.com\/www.paparazzinews.com.br\/wp-content\/uploads\/2023\/10\/Imagem.jpg?fit=562%2C375&ssl=1","views":"4022","jetpack_likes_enabled":true,"jetpack_sharing_enabled":true,"_links":{"self":[{"href":"https:\/\/www.paparazzinews.com.br\/index.php?rest_route=\/wp\/v2\/posts\/6557","targetHints":{"allow":["GET"]}}],"collection":[{"href":"https:\/\/www.paparazzinews.com.br\/index.php?rest_route=\/wp\/v2\/posts"}],"about":[{"href":"https:\/\/www.paparazzinews.com.br\/index.php?rest_route=\/wp\/v2\/types\/post"}],"author":[{"embeddable":true,"href":"https:\/\/www.paparazzinews.com.br\/index.php?rest_route=\/wp\/v2\/users\/1"}],"replies":[{"embeddable":true,"href":"https:\/\/www.paparazzinews.com.br\/index.php?rest_route=%2Fwp%2Fv2%2Fcomments&post=6557"}],"version-history":[{"count":1,"href":"https:\/\/www.paparazzinews.com.br\/index.php?rest_route=\/wp\/v2\/posts\/6557\/revisions"}],"predecessor-version":[{"id":6559,"href":"https:\/\/www.paparazzinews.com.br\/index.php?rest_route=\/wp\/v2\/posts\/6557\/revisions\/6559"}],"wp:featuredmedia":[{"embeddable":true,"href":"https:\/\/www.paparazzinews.com.br\/index.php?rest_route=\/wp\/v2\/media\/6558"}],"wp:attachment":[{"href":"https:\/\/www.paparazzinews.com.br\/index.php?rest_route=%2Fwp%2Fv2%2Fmedia&parent=6557"}],"wp:term":[{"taxonomy":"category","embeddable":true,"href":"https:\/\/www.paparazzinews.com.br\/index.php?rest_route=%2Fwp%2Fv2%2Fcategories&post=6557"},{"taxonomy":"post_tag","embeddable":true,"href":"https:\/\/www.paparazzinews.com.br\/index.php?rest_route=%2Fwp%2Fv2%2Ftags&post=6557"}],"curies":[{"name":"wp","href":"https:\/\/api.w.org\/{rel}","templated":true}]}}