{"id":6509,"date":"2023-10-20T13:29:18","date_gmt":"2023-10-20T16:29:18","guid":{"rendered":"https:\/\/www.paparazzinews.com.br\/?p=6509"},"modified":"2023-10-20T13:29:19","modified_gmt":"2023-10-20T16:29:19","slug":"homem-armado-de-faca-invade-carro-da-ex-mulher-para-bater-nela","status":"publish","type":"post","link":"https:\/\/www.paparazzinews.com.br\/?p=6509","title":{"rendered":"Homem armado de faca invade carro da ex-mulher para bater nela"},"content":{"rendered":"\n<p>\u00c1gua Clara &#8211; MS, no dia 18 de outubro os policiais militares do 3\u00b0 Pelot\u00e3o da 2\u00b0 Cia do 2\u00b0 Batalh\u00e3o de Pol\u00edcia Militar realizaram a pris\u00e3o de um indiv\u00edduo de 41 anos, por amea\u00e7a e les\u00e3o corporal (viol\u00eancia dom\u00e9stica).<\/p>\n\n\n\n<p>Nesta quarta-feira, \u00e0s 00h10, uma guarni\u00e7\u00e3o do 3\u00b0 Pelot\u00e3o (\u00c1gua Clara) do 2\u00b0 Batalh\u00e3o foram acionados para atender uma ocorr\u00eancia de viol\u00eancia dom\u00e9stica, em que a v\u00edtima se encontrava na casa da sua irm\u00e3 ap\u00f3s ter fugido do autor.<\/p>\n\n\n\n<p>Durante entrevista a v\u00edtima de 31 anos, relatou que por volta das 22h ao chegar com seu ve\u00edculo GM\/Celta seu ex-am\u00e1sio de posse de uma faca entrou no carro, realizando diversas amea\u00e7as de morte e lhe agredindo com socos e mordidas, vindo ainda de tomar o seu aparelho celular. Que em dado momento conseguiu descer do ve\u00edculo e come\u00e7ou a correr, por\u00e9m foi alcan\u00e7ada pelo agressor que lhe agarrou pelos cabelos e lhe colocou novamente dentro do ve\u00edculo, onde permaneceu por aproximadamente duas horas circulando pela cidade enquanto era amea\u00e7ada e agredida, cessando somente ao convenc\u00ea-lo a ir para a sua casa, onde conseguiu fugir da resid\u00eancia e ligar para a Pol\u00edcia Militar.<\/p>\n\n\n\n<p>Diante o relato os policiais deslocaram at\u00e9 a rua Valdemar Ferreira Lino, no bairro Jardim Aeroporto, onde realizaram a pris\u00e3o do autor que foi apresentado na Delegacia de Pol\u00edcia juntamente com a faca utilizada nas amea\u00e7as e o celular da v\u00edtima.<\/p>\n\n\n\n<p><strong><em><strong><em><strong>Participe da comunidade do Canal Roni Paparazzi no Whatsapp e receba as principais not\u00edcias do dia direto no seu celular.<\/strong>\u00a0<a rel=\"noreferrer noopener\" href=\"https:\/\/chat.whatsapp.com\/GsG1XKo0jPOEfjzudWQcml\" target=\"_blank\">\u00a0Clique aqui e se inscreva.<\/a><\/em><\/strong><\/em><\/strong><\/p>\n","protected":false},"excerpt":{"rendered":"<p>\u00c1gua Clara &#8211; MS, no dia 18 de outubro os policiais militares do 3\u00b0 Pelot\u00e3o da 2\u00b0 Cia do 2\u00b0 Batalh\u00e3o de Pol\u00edcia Militar realizaram a pris\u00e3o de um indiv\u00edduo de 41 anos, por amea\u00e7a e les\u00e3o corporal (viol\u00eancia dom\u00e9stica). Nesta quarta-feira, \u00e0s 00h10, uma guarni\u00e7\u00e3o do 3\u00b0 Pelot\u00e3o (\u00c1gua Clara) do 2\u00b0 Batalh\u00e3o foram &hellip;<\/p>\n","protected":false},"author":1,"featured_media":6510,"comment_status":"open","ping_status":"open","sticky":false,"template":"","format":"standard","meta":{"_jetpack_memberships_contains_paid_content":false,"footnotes":"","jetpack_publicize_message":"","jetpack_publicize_feature_enabled":true,"jetpack_social_post_already_shared":false,"jetpack_social_options":{"image_generator_settings":{"template":"highway","default_image_id":0,"enabled":false},"version":2}},"categories":[1],"tags":[],"class_list":["post-6509","post","type-post","status-publish","format-standard","has-post-thumbnail","hentry","category-sem-categoria"],"jetpack_publicize_connections":[],"jetpack_featured_media_url":"https:\/\/i0.wp.com\/www.paparazzinews.com.br\/wp-content\/uploads\/2023\/10\/Snapinsta.app_393274538_346833394413542_1367578531927732962_n_1080.jpg?fit=1080%2C1080&ssl=1","views":"2781","jetpack_likes_enabled":true,"jetpack_sharing_enabled":true,"_links":{"self":[{"href":"https:\/\/www.paparazzinews.com.br\/index.php?rest_route=\/wp\/v2\/posts\/6509","targetHints":{"allow":["GET"]}}],"collection":[{"href":"https:\/\/www.paparazzinews.com.br\/index.php?rest_route=\/wp\/v2\/posts"}],"about":[{"href":"https:\/\/www.paparazzinews.com.br\/index.php?rest_route=\/wp\/v2\/types\/post"}],"author":[{"embeddable":true,"href":"https:\/\/www.paparazzinews.com.br\/index.php?rest_route=\/wp\/v2\/users\/1"}],"replies":[{"embeddable":true,"href":"https:\/\/www.paparazzinews.com.br\/index.php?rest_route=%2Fwp%2Fv2%2Fcomments&post=6509"}],"version-history":[{"count":1,"href":"https:\/\/www.paparazzinews.com.br\/index.php?rest_route=\/wp\/v2\/posts\/6509\/revisions"}],"predecessor-version":[{"id":6511,"href":"https:\/\/www.paparazzinews.com.br\/index.php?rest_route=\/wp\/v2\/posts\/6509\/revisions\/6511"}],"wp:featuredmedia":[{"embeddable":true,"href":"https:\/\/www.paparazzinews.com.br\/index.php?rest_route=\/wp\/v2\/media\/6510"}],"wp:attachment":[{"href":"https:\/\/www.paparazzinews.com.br\/index.php?rest_route=%2Fwp%2Fv2%2Fmedia&parent=6509"}],"wp:term":[{"taxonomy":"category","embeddable":true,"href":"https:\/\/www.paparazzinews.com.br\/index.php?rest_route=%2Fwp%2Fv2%2Fcategories&post=6509"},{"taxonomy":"post_tag","embeddable":true,"href":"https:\/\/www.paparazzinews.com.br\/index.php?rest_route=%2Fwp%2Fv2%2Ftags&post=6509"}],"curies":[{"name":"wp","href":"https:\/\/api.w.org\/{rel}","templated":true}]}}