{"id":6468,"date":"2023-10-18T08:29:16","date_gmt":"2023-10-18T11:29:16","guid":{"rendered":"https:\/\/www.paparazzinews.com.br\/?p=6468"},"modified":"2023-10-18T08:29:19","modified_gmt":"2023-10-18T11:29:19","slug":"rota-comemora-53-anos-apresenta-novos-fuzis-e-presta-homenagem-ao-soldado-patrick-morto-em-ataque","status":"publish","type":"post","link":"https:\/\/www.paparazzinews.com.br\/?p=6468","title":{"rendered":"ROTA comemora 53 anos, apresenta novos fuzis e presta homenagem ao soldado Patrick morto em ataque"},"content":{"rendered":"\n<p>As Rondas Ostensivas Tobias de Aguiar (Rota) apresentaram ao p\u00fablico, nesta segunda-feira (16), o novo armamento que est\u00e1 equipando os pelot\u00f5es do 1\u00ba Batalh\u00e3o de Policiamento de Choque (BPChq). A demonstra\u00e7\u00e3o foi feita durante as comemora\u00e7\u00f5es do anivers\u00e1rio de 53 anos da Rota.<\/p>\n\n\n\n<p>Os armamentos adquiridos j\u00e1 est\u00e3o em uso pelos policiais militares do batalh\u00e3o. A Metralhadora Leve Negev 762 equipa todos os pelot\u00f5es no patrulhamento t\u00e1tico di\u00e1rio.<\/p>\n\n\n\n<p>Tamb\u00e9m foram adquiridos fuzis FN Scar 762 que disp\u00f5em de mira optr\u00f4nica e abafador de som. O armamento \u00e9 utilizado somente pelo atirador designado, um policial respons\u00e1vel por observar e fazer a seguran\u00e7a durante a opera\u00e7\u00e3o do pelot\u00e3o de Rota. Por meio da comunica\u00e7\u00e3o via r\u00e1dio, o PM monitora toda movimenta\u00e7\u00e3o da opera\u00e7\u00e3o no terreno. Caso haja um perigo, ele pode efetuar um disparo de seguran\u00e7a para evitar expor o pelot\u00e3o durante as a\u00e7\u00f5es.<\/p>\n\n\n\n<p>\u201cS\u00e3o armamentos espec\u00edficos para nossa atividade e combate ao crime ultraviolento. Com a evolu\u00e7\u00e3o do patrulhamento t\u00e1tico, o atirador designado e operador de metralhadora leve vieram em um momento certo para apoiar a Pol\u00edcia Militar na seguran\u00e7a p\u00fablica\u201d, afirmou o tenente-coronel Leonardo Takahashi, comandante da Rota.<\/p>\n\n\n\n<p><strong>P\u00fablico acompanhou evento<\/strong><\/p>\n\n\n\n<p>O 1\u00ba Batalh\u00e3o de Policiamento de Choque recebeu um grande p\u00fablico para celebrar os 53 anos da Rota. O evento contou com a participa\u00e7\u00e3o do secret\u00e1rio da Seguran\u00e7a P\u00fablica, Guilherme Derrite, e do governador de S\u00e3o Paulo, Tarcisio de Freitas.&nbsp;<\/p>\n\n\n\n<p>\u201cDesde o in\u00edcio da nossa gest\u00e3o, dentro dos limites da lei, como tem que ser, foram desenvolvidas a\u00e7\u00f5es efetivas de combate ao crime organizado, em especial, da tropa que \u00e9 a maior especialista no mundo em patrulhamento t\u00e1tico urbano, que \u00e9 a Rota\u201d, destacou o secret\u00e1rio Guilherme Derrite.<\/p>\n\n\n\n<figure class=\"wp-block-image\"><img data-recalc-dims=\"1\" decoding=\"async\" src=\"https:\/\/i0.wp.com\/www.ssp.sp.gov.br\/midia\/Imagem\/D00051699.jpg?w=708\" alt=\"\"\/><\/figure>\n\n\n\n<p>Personalidades civis e autoridades foram homenageadas no evento com a entrega de 56 medalhas das Rondas Ostensivas Tobias de Aguiar. Entre elas, estavam o governador Tarc\u00edsio de Freitas, o presidente do Tribunal de Justi\u00e7a de S\u00e3o Paulo, desembargador Ricardo Anafe, e o presidente da Assembleia Legislativa de S\u00e3o Paulo, o deputado Andr\u00e9 do Prado.<\/p>\n\n\n\n<p>\u201cExistem algumas unidades que ganham alma, que desenvolvem esp\u00edrito, a gente sente a energia diferente quando est\u00e1 presente, e a Rota \u00e9 uma delas. \u00c9 uma unidade que transborda excel\u00eancia e, \u00e9 por isso que a sociedade de S\u00e3o Paulo confia muito nos profissionais que aqui est\u00e3o\u201d, disse o governador Tarc\u00edsio de Freitas.&nbsp;<\/p>\n\n\n\n<p>Na Galeria dos Eternos Comandantes, foram inaugurados os retratos do coronel F\u00e1bio S\u00e9rgio do Amaral e do tenente-coronel Rog\u00e9rio Nery Machado, ex-comandantes da Rota.<\/p>\n\n\n\n<p>\u201cOs senhores t\u00eam, nessa tropa, uma tropa aguerrida, uma tropa leal, sobretudo, uma tropa que sabe exatamente o seu papel no Estado de S\u00e3o Paulo, e podemos dizer que a popula\u00e7\u00e3o dorme tranquila por conta dessa honra que voc\u00eas t\u00eam\u201d, afirmou o comandante da Pol\u00edcia Militar de S\u00e3o Paulo, coronel C\u00e1ssio Ara\u00fajo de Freitas.<\/p>\n\n\n\n<p><strong>Homenagem ao soldado Patrick Reis<\/strong><\/p>\n\n\n\n<p>O soldado da Rota Patrick Bastos Reis, morto em julho por criminosos durante um patrulhamento no Guaruj\u00e1, foi lembrado e homenageado durante o evento de anivers\u00e1rio da corpora\u00e7\u00e3o.<\/p>\n\n\n\n<p>O secret\u00e1rio Guilherme Derrite destacou o trabalho de toda Pol\u00edcia Militar e Civil, em especial, da tropa de Rota, que durante 40 dias ficou na Baixada Santista combatendo o crime organizado em uma pronta resposta ao ataque sofrido pelos policiais por meio da Opera\u00e7\u00e3o Escudo.<\/p>\n\n\n\n<p>\u201cCelebrar o anivers\u00e1rio da Rota \u00e9 celebrar nossos her\u00f3is do passado. \u00c9 reverenciar a mem\u00f3ria do nosso \u00faltimo grande her\u00f3i, morto covardemente no Guaruj\u00e1 cumprindo sua miss\u00e3o\u201d, lembrou o governador Tarc\u00edsio de Freitas.<\/p>\n\n\n\n<p>A soldado Vit\u00f3ria Reis, mulher do soldado Patrick Reis, participou da cerim\u00f4nia. Ela ficou emocionada em voltar ao batalh\u00e3o. \u201cVer todas as homenagens que meu marido recebeu s\u00f3 me mostra como ele era grande, e eu sei da grandeza dele&#8221;, disse.<\/p>\n\n\n\n<p><br><strong><em><strong>Participe da comunidade do Canal Roni Paparazzi no Whatsapp e receba as principais not\u00edcias do dia direto no seu celular.<\/strong>\u00a0<a rel=\"noreferrer noopener\" href=\"https:\/\/chat.whatsapp.com\/GsG1XKo0jPOEfjzudWQcml\" target=\"_blank\">\u00a0Clique aqui e se inscreva.<\/a><\/em><\/strong><\/p>\n","protected":false},"excerpt":{"rendered":"<p>As Rondas Ostensivas Tobias de Aguiar (Rota) apresentaram ao p\u00fablico, nesta segunda-feira (16), o novo armamento que est\u00e1 equipando os pelot\u00f5es do 1\u00ba Batalh\u00e3o de Policiamento de Choque (BPChq). A demonstra\u00e7\u00e3o foi feita durante as comemora\u00e7\u00f5es do anivers\u00e1rio de 53 anos da Rota. Os armamentos adquiridos j\u00e1 est\u00e3o em uso pelos policiais militares do batalh\u00e3o. &hellip;<\/p>\n","protected":false},"author":1,"featured_media":6469,"comment_status":"open","ping_status":"open","sticky":false,"template":"","format":"standard","meta":{"_jetpack_memberships_contains_paid_content":false,"footnotes":"","jetpack_publicize_message":"","jetpack_publicize_feature_enabled":true,"jetpack_social_post_already_shared":false,"jetpack_social_options":{"image_generator_settings":{"template":"highway","default_image_id":0,"enabled":false},"version":2}},"categories":[3],"tags":[],"class_list":["post-6468","post","type-post","status-publish","format-standard","has-post-thumbnail","hentry","category-policial"],"jetpack_publicize_connections":[],"jetpack_featured_media_url":"https:\/\/i0.wp.com\/www.paparazzinews.com.br\/wp-content\/uploads\/2023\/10\/00051697.jpg?fit=800%2C533&ssl=1","views":"3153","jetpack_likes_enabled":true,"jetpack_sharing_enabled":true,"_links":{"self":[{"href":"https:\/\/www.paparazzinews.com.br\/index.php?rest_route=\/wp\/v2\/posts\/6468","targetHints":{"allow":["GET"]}}],"collection":[{"href":"https:\/\/www.paparazzinews.com.br\/index.php?rest_route=\/wp\/v2\/posts"}],"about":[{"href":"https:\/\/www.paparazzinews.com.br\/index.php?rest_route=\/wp\/v2\/types\/post"}],"author":[{"embeddable":true,"href":"https:\/\/www.paparazzinews.com.br\/index.php?rest_route=\/wp\/v2\/users\/1"}],"replies":[{"embeddable":true,"href":"https:\/\/www.paparazzinews.com.br\/index.php?rest_route=%2Fwp%2Fv2%2Fcomments&post=6468"}],"version-history":[{"count":1,"href":"https:\/\/www.paparazzinews.com.br\/index.php?rest_route=\/wp\/v2\/posts\/6468\/revisions"}],"predecessor-version":[{"id":6470,"href":"https:\/\/www.paparazzinews.com.br\/index.php?rest_route=\/wp\/v2\/posts\/6468\/revisions\/6470"}],"wp:featuredmedia":[{"embeddable":true,"href":"https:\/\/www.paparazzinews.com.br\/index.php?rest_route=\/wp\/v2\/media\/6469"}],"wp:attachment":[{"href":"https:\/\/www.paparazzinews.com.br\/index.php?rest_route=%2Fwp%2Fv2%2Fmedia&parent=6468"}],"wp:term":[{"taxonomy":"category","embeddable":true,"href":"https:\/\/www.paparazzinews.com.br\/index.php?rest_route=%2Fwp%2Fv2%2Fcategories&post=6468"},{"taxonomy":"post_tag","embeddable":true,"href":"https:\/\/www.paparazzinews.com.br\/index.php?rest_route=%2Fwp%2Fv2%2Ftags&post=6468"}],"curies":[{"name":"wp","href":"https:\/\/api.w.org\/{rel}","templated":true}]}}