{"id":6447,"date":"2023-10-17T17:57:04","date_gmt":"2023-10-17T20:57:04","guid":{"rendered":"https:\/\/www.paparazzinews.com.br\/?p=6447"},"modified":"2023-10-17T17:57:06","modified_gmt":"2023-10-17T20:57:06","slug":"delegado-fala-com-adolescentes-sobre-prevencao-do-suicidio","status":"publish","type":"post","link":"https:\/\/www.paparazzinews.com.br\/?p=6447","title":{"rendered":"Delegado fala com adolescentes sobre preven\u00e7\u00e3o do suic\u00eddio"},"content":{"rendered":"\n<p>NOVA INDEPEND\u00caNCIA SP &#8211; Uma palestra com o tema \u201cPreven\u00e7\u00e3o ao Suic\u00eddio\u201d foi realizada no dia 06, na Escola Municipal de ensino Fundamental \u201cGildo Pereira\u201d. O convidado foi Marcelo da Silva Zompero, Delegado de Pol\u00edcia do Estado de S\u00e3o Paulo, com sede de exerc\u00edcio na Delegacia Seccional de Pol\u00edcia de Andradina.<\/p>\n\n\n\n<p>A convite da Coordenadora da Escol, Marcelo, falou para os adolescentes do 6\u00ba ao 9\u00ba ano, sobre \u201cPreven\u00e7\u00e3o ao Suic\u00eddio\u201d, desconstruindo muitos mitos que envolvem o tema e demonstrando os dados alarmantes sobre as tentativas de suic\u00eddio e efetivas mortes. <\/p>\n\n\n\n<p>Ele exp\u00f4s os fatores de risco, principalmente no universo dos adolescentes, e os sinais de alerta que amigos e familiares das pessoas que est\u00e3o em sofrimento emocional devem atentar. Por fim, falou sobre os \u201cFatores de prote\u00e7\u00e3o\u201d, dentre eles, a necessidade de n\u00e3o se constranger em falar sobre as emo\u00e7\u00f5es e buscar uma vida mais equilibrada por meio da intelig\u00eancia emocional.<\/p>\n\n\n\n<p><strong><em><strong>Participe da comunidade do Canal Roni Paparazzi no Whatsapp e receba as principais not\u00edcias do dia direto no seu celular.<\/strong>\u00a0<a rel=\"noreferrer noopener\" href=\"https:\/\/chat.whatsapp.com\/GsG1XKo0jPOEfjzudWQcml\" target=\"_blank\">\u00a0Clique aqui e se inscreva.<\/a><\/em><\/strong><\/p>\n","protected":false},"excerpt":{"rendered":"<p>NOVA INDEPEND\u00caNCIA SP &#8211; Uma palestra com o tema \u201cPreven\u00e7\u00e3o ao Suic\u00eddio\u201d foi realizada no dia 06, na Escola Municipal de ensino Fundamental \u201cGildo Pereira\u201d. O convidado foi Marcelo da Silva Zompero, Delegado de Pol\u00edcia do Estado de S\u00e3o Paulo, com sede de exerc\u00edcio na Delegacia Seccional de Pol\u00edcia de Andradina. A convite da Coordenadora &hellip;<\/p>\n","protected":false},"author":1,"featured_media":6448,"comment_status":"open","ping_status":"open","sticky":false,"template":"","format":"standard","meta":{"_jetpack_memberships_contains_paid_content":false,"footnotes":"","jetpack_publicize_message":"","jetpack_publicize_feature_enabled":true,"jetpack_social_post_already_shared":false,"jetpack_social_options":{"image_generator_settings":{"template":"highway","default_image_id":0,"enabled":false},"version":2}},"categories":[4],"tags":[],"class_list":["post-6447","post","type-post","status-publish","format-standard","has-post-thumbnail","hentry","category-regiao"],"jetpack_publicize_connections":[],"jetpack_featured_media_url":"https:\/\/i0.wp.com\/www.paparazzinews.com.br\/wp-content\/uploads\/2023\/10\/3e1e0bdf-229c-4441-90cd-35e56f29e71b.jpg?fit=1024%2C768&ssl=1","views":"2594","jetpack_likes_enabled":true,"jetpack_sharing_enabled":true,"_links":{"self":[{"href":"https:\/\/www.paparazzinews.com.br\/index.php?rest_route=\/wp\/v2\/posts\/6447","targetHints":{"allow":["GET"]}}],"collection":[{"href":"https:\/\/www.paparazzinews.com.br\/index.php?rest_route=\/wp\/v2\/posts"}],"about":[{"href":"https:\/\/www.paparazzinews.com.br\/index.php?rest_route=\/wp\/v2\/types\/post"}],"author":[{"embeddable":true,"href":"https:\/\/www.paparazzinews.com.br\/index.php?rest_route=\/wp\/v2\/users\/1"}],"replies":[{"embeddable":true,"href":"https:\/\/www.paparazzinews.com.br\/index.php?rest_route=%2Fwp%2Fv2%2Fcomments&post=6447"}],"version-history":[{"count":1,"href":"https:\/\/www.paparazzinews.com.br\/index.php?rest_route=\/wp\/v2\/posts\/6447\/revisions"}],"predecessor-version":[{"id":6449,"href":"https:\/\/www.paparazzinews.com.br\/index.php?rest_route=\/wp\/v2\/posts\/6447\/revisions\/6449"}],"wp:featuredmedia":[{"embeddable":true,"href":"https:\/\/www.paparazzinews.com.br\/index.php?rest_route=\/wp\/v2\/media\/6448"}],"wp:attachment":[{"href":"https:\/\/www.paparazzinews.com.br\/index.php?rest_route=%2Fwp%2Fv2%2Fmedia&parent=6447"}],"wp:term":[{"taxonomy":"category","embeddable":true,"href":"https:\/\/www.paparazzinews.com.br\/index.php?rest_route=%2Fwp%2Fv2%2Fcategories&post=6447"},{"taxonomy":"post_tag","embeddable":true,"href":"https:\/\/www.paparazzinews.com.br\/index.php?rest_route=%2Fwp%2Fv2%2Ftags&post=6447"}],"curies":[{"name":"wp","href":"https:\/\/api.w.org\/{rel}","templated":true}]}}