{"id":643,"date":"2022-09-08T13:17:35","date_gmt":"2022-09-08T16:17:35","guid":{"rendered":"https:\/\/www.paparazzinews.com.br\/?p=643"},"modified":"2022-09-08T13:17:37","modified_gmt":"2022-09-08T16:17:37","slug":"nova-diretoria-da-fea-andradina-toma-posse","status":"publish","type":"post","link":"https:\/\/www.paparazzinews.com.br\/?p=643","title":{"rendered":"Nova diretoria da FEA Andradina toma posse"},"content":{"rendered":"\n<p>Em um ato no Gabinete do prefeito de Andradina, M\u00e1rio Celso Lopes, tomou posse a nova diretoria e conselho da Funda\u00e7\u00e3o Educacional de Andradina, que tem como presidente a atual secret\u00e1ria de Educa\u00e7\u00e3o, Estela Goda.<br>A posse d\u00e1 in\u00edcio \u00e0 nova agenda para a Funda\u00e7\u00e3o abrindo um rol de possibilidades que culminam no projeto da funda\u00e7\u00e3o de uma Universidade Andradinense, que consta no masterplan de desenvolvimento do de M\u00e1rio Celso para Andradina.<br>A nova diretoria e conselho tomam posse oficialmente da funda\u00e7\u00e3o na manh\u00e3 dessa sexta (9), declarando aberta um novo tempo para a institui\u00e7\u00e3o declarada p\u00fablica.<\/p>\n\n\n\n<p>\u201cA cria\u00e7\u00e3o de uma universidade em Andradina abre o caminho para a prosperidade nos mais diversos ramos de atividades, al\u00e9m de trazer para a \u201cnossa casa\u201d uma possibilidade de forma\u00e7\u00e3o superior para os estudantes da regi\u00e3o. Andradina merece isso h\u00e1 d\u00e9cadas, cumpre sua voca\u00e7\u00e3o como cidade polo da regi\u00e3o e nada mais justo de se fazer isso com uma institui\u00e7\u00e3o genuinamente andradinense\u201d, destacou M\u00e1rio Celso.<\/p>\n\n\n\n<p>O prefeito falou tamb\u00e9m sobre a valoriza\u00e7\u00e3o dos cursos j\u00e1 existentes, como direto, medicina veterin\u00e1ria e o tradicional curso de Educa\u00e7\u00e3o F\u00edsica e al\u00e9m disso sobre a disposi\u00e7\u00e3o de fazer gest\u00f5es em Bras\u00edlia para a aquisi\u00e7\u00e3o de novos cursos e a promo\u00e7\u00e3o do status da FEA a universidade. O principal objetivo \u00e9 a conquista de um curso de medicina.<br>Recentemente o munic\u00edpio investiu aproximadamente R$ 2 milh\u00f5es para a desapropria\u00e7\u00e3o de um a \u00e1rea nas proximidades do Hospital Veterin\u00e1rio com a finalidade da constru\u00e7\u00e3o de um Campus.<\/p>\n\n\n\n<p>Diretoria<br>Presidente \u2013 Prof\u00aa Estela Maria Cassiolato Goda<br>Vice-Presidente \u2013 Dr. Paulo Pereira Assis<br>Secret\u00e1rio \u2013 Ernesto Ant\u00f4nio da Silva J\u00fanior<br>Tesoureiro \u2013 Edgar Dourado de Matos<br>Segundo Tesoureiro \u2013 Geraldo Ardel Pilla<br>Segundo Secret\u00e1rio \u2013 Jana\u00edna Toledo de Ara\u00fajo<\/p>\n\n\n\n<p>Conselho Fiscal Efetivo<br>Fernando Henrique Ramos<br>Maicon dos Santos Ramos da Silva<br>Fernanda Cruz Leonel Santos<\/p>\n\n\n\n<p>Conselho Deliberativo<br>Edgar Dourado de Matos<br>Estela Maria Cassiolato Goda<br>Ernesto Ant\u00f4nio da Silva J\u00fanior<br>Paulo Pereira Assis<br>F\u00e1bio dos Santos Nogueira<\/p>\n","protected":false},"excerpt":{"rendered":"<p>Em um ato no Gabinete do prefeito de Andradina, M\u00e1rio Celso Lopes, tomou posse a nova diretoria e conselho da Funda\u00e7\u00e3o Educacional de Andradina, que tem como presidente a atual secret\u00e1ria de Educa\u00e7\u00e3o, Estela Goda.A posse d\u00e1 in\u00edcio \u00e0 nova agenda para a Funda\u00e7\u00e3o abrindo um rol de possibilidades que culminam no projeto da funda\u00e7\u00e3o &hellip;<\/p>\n","protected":false},"author":1,"featured_media":644,"comment_status":"open","ping_status":"open","sticky":false,"template":"","format":"standard","meta":{"_jetpack_memberships_contains_paid_content":false,"footnotes":"","jetpack_publicize_message":"","jetpack_publicize_feature_enabled":true,"jetpack_social_post_already_shared":false,"jetpack_social_options":{"image_generator_settings":{"template":"highway","default_image_id":0,"enabled":false},"version":2}},"categories":[4],"tags":[],"class_list":["post-643","post","type-post","status-publish","format-standard","has-post-thumbnail","hentry","category-regiao"],"jetpack_publicize_connections":[],"jetpack_featured_media_url":"https:\/\/i0.wp.com\/www.paparazzinews.com.br\/wp-content\/uploads\/2022\/09\/ca9983cf-fa01-42ef-b755-33ef59e45b9b-e1662653840411.jpg?fit=1000%2C666&ssl=1","views":"3876","jetpack_likes_enabled":true,"jetpack_sharing_enabled":true,"_links":{"self":[{"href":"https:\/\/www.paparazzinews.com.br\/index.php?rest_route=\/wp\/v2\/posts\/643","targetHints":{"allow":["GET"]}}],"collection":[{"href":"https:\/\/www.paparazzinews.com.br\/index.php?rest_route=\/wp\/v2\/posts"}],"about":[{"href":"https:\/\/www.paparazzinews.com.br\/index.php?rest_route=\/wp\/v2\/types\/post"}],"author":[{"embeddable":true,"href":"https:\/\/www.paparazzinews.com.br\/index.php?rest_route=\/wp\/v2\/users\/1"}],"replies":[{"embeddable":true,"href":"https:\/\/www.paparazzinews.com.br\/index.php?rest_route=%2Fwp%2Fv2%2Fcomments&post=643"}],"version-history":[{"count":1,"href":"https:\/\/www.paparazzinews.com.br\/index.php?rest_route=\/wp\/v2\/posts\/643\/revisions"}],"predecessor-version":[{"id":645,"href":"https:\/\/www.paparazzinews.com.br\/index.php?rest_route=\/wp\/v2\/posts\/643\/revisions\/645"}],"wp:featuredmedia":[{"embeddable":true,"href":"https:\/\/www.paparazzinews.com.br\/index.php?rest_route=\/wp\/v2\/media\/644"}],"wp:attachment":[{"href":"https:\/\/www.paparazzinews.com.br\/index.php?rest_route=%2Fwp%2Fv2%2Fmedia&parent=643"}],"wp:term":[{"taxonomy":"category","embeddable":true,"href":"https:\/\/www.paparazzinews.com.br\/index.php?rest_route=%2Fwp%2Fv2%2Fcategories&post=643"},{"taxonomy":"post_tag","embeddable":true,"href":"https:\/\/www.paparazzinews.com.br\/index.php?rest_route=%2Fwp%2Fv2%2Ftags&post=643"}],"curies":[{"name":"wp","href":"https:\/\/api.w.org\/{rel}","templated":true}]}}