{"id":6429,"date":"2023-10-17T17:08:10","date_gmt":"2023-10-17T20:08:10","guid":{"rendered":"https:\/\/www.paparazzinews.com.br\/?p=6429"},"modified":"2023-10-17T17:08:11","modified_gmt":"2023-10-17T20:08:11","slug":"cresce-a-leitura-de-livros-nas-unidades-prisionais","status":"publish","type":"post","link":"https:\/\/www.paparazzinews.com.br\/?p=6429","title":{"rendered":"Cresce a leitura de livros nas unidades prisionais"},"content":{"rendered":"\n<p>Em celebra\u00e7\u00e3o ao Dia Nacional da Leitura, ocorrido no \u00faltimo dia 12, a Secretaria da Administra\u00e7\u00e3o Penitenci\u00e1ria (SAP) destacou o aumento de 3,96% no empr\u00e9stimo de livros nas salas de Leitura das unidades prisionais, Hospitais de Cust\u00f3dia e Tratamento Psiqui\u00e1trico do Estado de S\u00e3o Paulo.&nbsp;<\/p>\n\n\n\n<p>Na regi\u00e3o compreendida pela Coordenadoria de Unidades Prisionais da Regi\u00e3o Oeste (Croeste), por exemplo, h\u00e1 unidades em que o n\u00famero de livros emprestados para custodiados no per\u00edodo de um m\u00eas, excede o seu total de popula\u00e7\u00e3o carcer\u00e1ria.<\/p>\n\n\n\n<p>\u00c9 o caso da Penitenci\u00e1ria Feminina de Tupi Paulista. Em agosto \u00faltimo, havia 701 detentas alojadas, sendo que o n\u00famero de empr\u00e9stimo de livros no m\u00eas, chegou a 948. Mais da metade da popula\u00e7\u00e3o carcer\u00e1ria foi registrada como leitora (450).&nbsp;<\/p>\n\n\n\n<p>No Centro de Ressocializa\u00e7\u00e3o Feminino de S\u00e3o Jos\u00e9 do Rio Preto, no mesmo per\u00edodo, a popula\u00e7\u00e3o carcer\u00e1ria era de 125 reeducandas e o total de empr\u00e9stimos chegou a 288 livros.\u00a0No Centro de Deten\u00e7\u00e3o Provis\u00f3ria (CDP) de Riol\u00e2ndia, mais da metade da popula\u00e7\u00e3o carcer\u00e1ria era formada por leitores em agosto deste ano.\u00a0<\/p>\n\n\n\n<p><strong>No Estado<\/strong><\/p>\n\n\n\n<p>Neste ano, entre janeiro e agosto, houve o empr\u00e9stimo de 499.777 livros por parte dos reeducandos no Estado, um aumento de 3,96% em rela\u00e7\u00e3o aos 480.732 empr\u00e9stimos realizados no mesmo per\u00edodo do ano passado.&nbsp;<\/p>\n\n\n\n<p>Essa quantidade de livros emprestados, no per\u00edodo apurado neste ano, representa cerca de 2,5 livros por reeducando custodiado na SAP. As obras dispon\u00edveis para empr\u00e9stimo nas unidades prisionais abrangem as seguintes \u00e1reas: literaturas brasileira e universal, religiosa, filos\u00f3fica e outros campos do conhecimento humano.&nbsp;<\/p>\n\n\n\n<p>Os n\u00fameros citados est\u00e3o de acordo com dados apurados em setembro passado, compilados pelos Grates com informa\u00e7\u00f5es dos estabelecimentos prisionais das Coordenadorias Regionais de Unidades Prisionais e com dados dos Hospitais de Cust\u00f3dia e Tratamento Psiqui\u00e1trico da Coordenadoria de Sa\u00fade da SAP.&nbsp;<\/p>\n\n\n\n<p>O Dia Nacional da Leitura &#8211; 12 de outubro, foi definido pela Lei Federal n\u00ba 11.899, de 8 de janeiro de 2009, que ainda institui a comemora\u00e7\u00e3o da Semana Nacional da Leitura e da Literatura no Brasil.&nbsp;<\/p>\n\n\n\n<p><strong><em><strong>Participe da comunidade do Canal Roni Paparazzi no Whatsapp e receba as principais not\u00edcias do dia direto no seu celular.<\/strong>\u00a0<a rel=\"noreferrer noopener\" href=\"https:\/\/chat.whatsapp.com\/GsG1XKo0jPOEfjzudWQcml\" target=\"_blank\">\u00a0Clique aqui e se inscreva.<\/a><\/em><\/strong><\/p>\n","protected":false},"excerpt":{"rendered":"<p>Em celebra\u00e7\u00e3o ao Dia Nacional da Leitura, ocorrido no \u00faltimo dia 12, a Secretaria da Administra\u00e7\u00e3o Penitenci\u00e1ria (SAP) destacou o aumento de 3,96% no empr\u00e9stimo de livros nas salas de Leitura das unidades prisionais, Hospitais de Cust\u00f3dia e Tratamento Psiqui\u00e1trico do Estado de S\u00e3o Paulo.&nbsp; Na regi\u00e3o compreendida pela Coordenadoria de Unidades Prisionais da Regi\u00e3o &hellip;<\/p>\n","protected":false},"author":1,"featured_media":6430,"comment_status":"open","ping_status":"open","sticky":false,"template":"","format":"standard","meta":{"_jetpack_memberships_contains_paid_content":false,"footnotes":"","jetpack_publicize_message":"","jetpack_publicize_feature_enabled":true,"jetpack_social_post_already_shared":false,"jetpack_social_options":{"image_generator_settings":{"template":"highway","default_image_id":0,"enabled":false},"version":2}},"categories":[6],"tags":[],"class_list":["post-6429","post","type-post","status-publish","format-standard","has-post-thumbnail","hentry","category-entretenimento"],"jetpack_publicize_connections":[],"jetpack_featured_media_url":"https:\/\/i0.wp.com\/www.paparazzinews.com.br\/wp-content\/uploads\/2023\/10\/LEITURA-e1697573270558.jpg?fit=1000%2C664&ssl=1","views":"2822","jetpack_likes_enabled":true,"jetpack_sharing_enabled":true,"_links":{"self":[{"href":"https:\/\/www.paparazzinews.com.br\/index.php?rest_route=\/wp\/v2\/posts\/6429","targetHints":{"allow":["GET"]}}],"collection":[{"href":"https:\/\/www.paparazzinews.com.br\/index.php?rest_route=\/wp\/v2\/posts"}],"about":[{"href":"https:\/\/www.paparazzinews.com.br\/index.php?rest_route=\/wp\/v2\/types\/post"}],"author":[{"embeddable":true,"href":"https:\/\/www.paparazzinews.com.br\/index.php?rest_route=\/wp\/v2\/users\/1"}],"replies":[{"embeddable":true,"href":"https:\/\/www.paparazzinews.com.br\/index.php?rest_route=%2Fwp%2Fv2%2Fcomments&post=6429"}],"version-history":[{"count":1,"href":"https:\/\/www.paparazzinews.com.br\/index.php?rest_route=\/wp\/v2\/posts\/6429\/revisions"}],"predecessor-version":[{"id":6431,"href":"https:\/\/www.paparazzinews.com.br\/index.php?rest_route=\/wp\/v2\/posts\/6429\/revisions\/6431"}],"wp:featuredmedia":[{"embeddable":true,"href":"https:\/\/www.paparazzinews.com.br\/index.php?rest_route=\/wp\/v2\/media\/6430"}],"wp:attachment":[{"href":"https:\/\/www.paparazzinews.com.br\/index.php?rest_route=%2Fwp%2Fv2%2Fmedia&parent=6429"}],"wp:term":[{"taxonomy":"category","embeddable":true,"href":"https:\/\/www.paparazzinews.com.br\/index.php?rest_route=%2Fwp%2Fv2%2Fcategories&post=6429"},{"taxonomy":"post_tag","embeddable":true,"href":"https:\/\/www.paparazzinews.com.br\/index.php?rest_route=%2Fwp%2Fv2%2Ftags&post=6429"}],"curies":[{"name":"wp","href":"https:\/\/api.w.org\/{rel}","templated":true}]}}