{"id":6397,"date":"2023-10-16T16:38:42","date_gmt":"2023-10-16T19:38:42","guid":{"rendered":"https:\/\/www.paparazzinews.com.br\/?p=6397"},"modified":"2023-10-16T16:38:43","modified_gmt":"2023-10-16T19:38:43","slug":"crianca-de-8-anos-resgatada-de-casa-passava-fome","status":"publish","type":"post","link":"https:\/\/www.paparazzinews.com.br\/?p=6397","title":{"rendered":"Crian\u00e7a de 8 anos resgatada de casa passava fome"},"content":{"rendered":"\n<p>O Conselho Tutelar resgatou um menino de oito anos de idade supostamente abandonado pelos pais, no Jardim Maria L\u00facia, regi\u00e3o Norte de S\u00e3o Jos\u00e9 do Rio Preto, no interior de SP. O caso\u00a0aconteceu no \u00faltimo s\u00e1bado (14\/10), mas a ocorr\u00eancia foi registrada no domingo, dia 15.\u00a0A informa\u00e7\u00e3o \u00e9 do Sbtinterior.<\/p>\n\n\n\n<p>De acordo com o boletim de ocorr\u00eancia, uma conselheira tutelar foi chamada at\u00e9 o local ap\u00f3s receber uma den\u00fancia. A crian\u00e7a havia sido acolhida pela pessoa que denunciou o caso \u2013 o menino estava com muita fome.<\/p>\n\n\n\n<p>Ainda segundo registro policial, a conselheira se deslocou at\u00e9 o endere\u00e7o da m\u00e3e do menino, no Jardim das Oliveiras, mas ningu\u00e9m foi encontrado no im\u00f3vel.<\/p>\n\n\n\n<p>A v\u00edtima foi levada para uma casa de passagem (local destinado para crian\u00e7as e adolescentes em estado de vulnerabilidade social)&nbsp;e est\u00e1 sob os cuidados do Conselho Tutelar. O caso foi registrado como abandono de incapaz e vai ser investigado pela Pol\u00edcia Civil.&nbsp; &nbsp;<\/p>\n\n\n\n<p><strong><em><strong>Participe da comunidade do Canal Roni Paparazzi no Whatsapp e receba as principais not\u00edcias do dia direto no seu celular.<\/strong>\u00a0<a rel=\"noreferrer noopener\" href=\"https:\/\/chat.whatsapp.com\/GsG1XKo0jPOEfjzudWQcml\" target=\"_blank\">\u00a0Clique aqui e se inscreva.<\/a><\/em><\/strong><\/p>\n","protected":false},"excerpt":{"rendered":"<p>O Conselho Tutelar resgatou um menino de oito anos de idade supostamente abandonado pelos pais, no Jardim Maria L\u00facia, regi\u00e3o Norte de S\u00e3o Jos\u00e9 do Rio Preto, no interior de SP. O caso\u00a0aconteceu no \u00faltimo s\u00e1bado (14\/10), mas a ocorr\u00eancia foi registrada no domingo, dia 15.\u00a0A informa\u00e7\u00e3o \u00e9 do Sbtinterior. De acordo com o boletim &hellip;<\/p>\n","protected":false},"author":1,"featured_media":6398,"comment_status":"open","ping_status":"open","sticky":false,"template":"","format":"standard","meta":{"_jetpack_memberships_contains_paid_content":false,"footnotes":"","jetpack_publicize_message":"","jetpack_publicize_feature_enabled":true,"jetpack_social_post_already_shared":false,"jetpack_social_options":{"image_generator_settings":{"template":"highway","default_image_id":0,"enabled":false},"version":2}},"categories":[3],"tags":[],"class_list":["post-6397","post","type-post","status-publish","format-standard","has-post-thumbnail","hentry","category-policial"],"jetpack_publicize_connections":[],"jetpack_featured_media_url":"https:\/\/i0.wp.com\/www.paparazzinews.com.br\/wp-content\/uploads\/2023\/10\/conselho-tutelar-resgata-menino-de-8-anos-abandonado-pelos-pais-161023_105136.jpg?fit=757%2C400&ssl=1","views":"5513","jetpack_likes_enabled":true,"jetpack_sharing_enabled":true,"_links":{"self":[{"href":"https:\/\/www.paparazzinews.com.br\/index.php?rest_route=\/wp\/v2\/posts\/6397","targetHints":{"allow":["GET"]}}],"collection":[{"href":"https:\/\/www.paparazzinews.com.br\/index.php?rest_route=\/wp\/v2\/posts"}],"about":[{"href":"https:\/\/www.paparazzinews.com.br\/index.php?rest_route=\/wp\/v2\/types\/post"}],"author":[{"embeddable":true,"href":"https:\/\/www.paparazzinews.com.br\/index.php?rest_route=\/wp\/v2\/users\/1"}],"replies":[{"embeddable":true,"href":"https:\/\/www.paparazzinews.com.br\/index.php?rest_route=%2Fwp%2Fv2%2Fcomments&post=6397"}],"version-history":[{"count":1,"href":"https:\/\/www.paparazzinews.com.br\/index.php?rest_route=\/wp\/v2\/posts\/6397\/revisions"}],"predecessor-version":[{"id":6399,"href":"https:\/\/www.paparazzinews.com.br\/index.php?rest_route=\/wp\/v2\/posts\/6397\/revisions\/6399"}],"wp:featuredmedia":[{"embeddable":true,"href":"https:\/\/www.paparazzinews.com.br\/index.php?rest_route=\/wp\/v2\/media\/6398"}],"wp:attachment":[{"href":"https:\/\/www.paparazzinews.com.br\/index.php?rest_route=%2Fwp%2Fv2%2Fmedia&parent=6397"}],"wp:term":[{"taxonomy":"category","embeddable":true,"href":"https:\/\/www.paparazzinews.com.br\/index.php?rest_route=%2Fwp%2Fv2%2Fcategories&post=6397"},{"taxonomy":"post_tag","embeddable":true,"href":"https:\/\/www.paparazzinews.com.br\/index.php?rest_route=%2Fwp%2Fv2%2Ftags&post=6397"}],"curies":[{"name":"wp","href":"https:\/\/api.w.org\/{rel}","templated":true}]}}