{"id":6394,"date":"2023-10-16T16:34:14","date_gmt":"2023-10-16T19:34:14","guid":{"rendered":"https:\/\/www.paparazzinews.com.br\/?p=6394"},"modified":"2023-10-16T16:34:15","modified_gmt":"2023-10-16T19:34:15","slug":"menina-coloca-fogo-em-apartamento-e-tranca-casal-de-avos-para-morrer-depois-de-ser-proibida-de-usar-celular","status":"publish","type":"post","link":"https:\/\/www.paparazzinews.com.br\/?p=6394","title":{"rendered":"Menina coloca fogo em apartamento e tranca casal de av\u00f3s para morrer depois de ser proibida de usar celular"},"content":{"rendered":"\n<p>Um casal de idosos, uma senhora de 53 anos e um homem de 70 anos, teve que tomar uma decis\u00e3o desesperada neste s\u00e1bado (14\/10), ao se jogar do quarto andar de um pr\u00e9dio, depois que uma crian\u00e7a de 11 anos, identificada como a neta deles, colocou fogo no apartamento, em Patos de Minas, no Alto Parana\u00edba, em Minas Gerais. A informa\u00e7\u00e3o \u00e9 do SBT NEWS.<\/p>\n\n\n\n<p>O tr\u00e1gico acontecimento teve lugar em um condom\u00ednio no bairro Ipanema II. De acordo com informa\u00e7\u00f5es da Pol\u00edcia Militar, a menina teria incendiado o sof\u00e1 do apartamento ap\u00f3s ser proibida de usar o celular, trancando os av\u00f3s no quarto antes de fugir do local para andar de patins. De acordo com os vizinhos, ela ficou rindo da situa\u00e7\u00e3o.&nbsp;<\/p>\n\n\n\n<p>As v\u00edtimas estavam dormindo quando as chamas come\u00e7aram a se espalhar. V\u00eddeos que circulam nas redes sociais mostram o casal em desespero, saindo pela janela do quarto. A rea\u00e7\u00e3o r\u00e1pida e corajosa dos moradores do pr\u00e9dio foi not\u00e1vel, pois eles empilharam colch\u00f5es embaixo da janela para ajudar o casal a sobreviver \u00e0 queda.<\/p>\n\n\n\n<p>A mulher foi a primeira a saltar, seguida imediatamente pelo homem. A queda resultou em ferimentos para a mulher, que se queixou de dores nas pernas e no t\u00f3rax. Ela foi prontamente atendida pelo Servi\u00e7o de Urg\u00eancia e Emerg\u00eancia (SAMU) e encaminhada ao Hospital Regional Ant\u00f4nio Dias (HRAD) devido \u00e0 inala\u00e7\u00e3o de fuma\u00e7a. O homem, por sorte, n\u00e3o sofreu ferimentos significativos e recusou atendimento m\u00e9dico.<\/p>\n\n\n\n<p>O inc\u00eandio foi controlado logo ap\u00f3s a chegada do Corpo de Bombeiros, enquanto a Defesa Civil compareceu ao local para avaliar poss\u00edveis danos \u00e0 estrutura do edif\u00edcio. A crian\u00e7a respons\u00e1vel pelo inc\u00eandio foi entregue \u00e0 m\u00e3e, que relatou que a filha enfrenta oscila\u00e7\u00f5es de humor. O Conselho Tutelar foi acionado para acompanhar o caso e tomar as medidas apropriadas diante da situa\u00e7\u00e3o.<\/p>\n\n\n\n<p><strong><em><strong>Participe da comunidade do Canal Roni Paparazzi no Whatsapp e receba as principais not\u00edcias do dia direto no seu celular.<\/strong>\u00a0<a rel=\"noreferrer noopener\" href=\"https:\/\/chat.whatsapp.com\/GsG1XKo0jPOEfjzudWQcml\" target=\"_blank\">\u00a0Clique aqui e se inscreva.<\/a><\/em><\/strong><\/p>\n","protected":false},"excerpt":{"rendered":"<p>Um casal de idosos, uma senhora de 53 anos e um homem de 70 anos, teve que tomar uma decis\u00e3o desesperada neste s\u00e1bado (14\/10), ao se jogar do quarto andar de um pr\u00e9dio, depois que uma crian\u00e7a de 11 anos, identificada como a neta deles, colocou fogo no apartamento, em Patos de Minas, no Alto &hellip;<\/p>\n","protected":false},"author":1,"featured_media":6395,"comment_status":"open","ping_status":"open","sticky":false,"template":"","format":"standard","meta":{"_jetpack_memberships_contains_paid_content":false,"footnotes":"","jetpack_publicize_message":"","jetpack_publicize_feature_enabled":true,"jetpack_social_post_already_shared":false,"jetpack_social_options":{"image_generator_settings":{"template":"highway","default_image_id":0,"enabled":false},"version":2}},"categories":[3],"tags":[],"class_list":["post-6394","post","type-post","status-publish","format-standard","has-post-thumbnail","hentry","category-policial"],"jetpack_publicize_connections":[],"jetpack_featured_media_url":"https:\/\/i0.wp.com\/www.paparazzinews.com.br\/wp-content\/uploads\/2023\/10\/avos-pulam-de-4-ordm-andar-de-predio-apos-neta-atear-fogo-em-sofa-veja-video-161023_010550.jpg?fit=600%2C409&ssl=1","views":"6766","jetpack_likes_enabled":true,"jetpack_sharing_enabled":true,"_links":{"self":[{"href":"https:\/\/www.paparazzinews.com.br\/index.php?rest_route=\/wp\/v2\/posts\/6394","targetHints":{"allow":["GET"]}}],"collection":[{"href":"https:\/\/www.paparazzinews.com.br\/index.php?rest_route=\/wp\/v2\/posts"}],"about":[{"href":"https:\/\/www.paparazzinews.com.br\/index.php?rest_route=\/wp\/v2\/types\/post"}],"author":[{"embeddable":true,"href":"https:\/\/www.paparazzinews.com.br\/index.php?rest_route=\/wp\/v2\/users\/1"}],"replies":[{"embeddable":true,"href":"https:\/\/www.paparazzinews.com.br\/index.php?rest_route=%2Fwp%2Fv2%2Fcomments&post=6394"}],"version-history":[{"count":1,"href":"https:\/\/www.paparazzinews.com.br\/index.php?rest_route=\/wp\/v2\/posts\/6394\/revisions"}],"predecessor-version":[{"id":6396,"href":"https:\/\/www.paparazzinews.com.br\/index.php?rest_route=\/wp\/v2\/posts\/6394\/revisions\/6396"}],"wp:featuredmedia":[{"embeddable":true,"href":"https:\/\/www.paparazzinews.com.br\/index.php?rest_route=\/wp\/v2\/media\/6395"}],"wp:attachment":[{"href":"https:\/\/www.paparazzinews.com.br\/index.php?rest_route=%2Fwp%2Fv2%2Fmedia&parent=6394"}],"wp:term":[{"taxonomy":"category","embeddable":true,"href":"https:\/\/www.paparazzinews.com.br\/index.php?rest_route=%2Fwp%2Fv2%2Fcategories&post=6394"},{"taxonomy":"post_tag","embeddable":true,"href":"https:\/\/www.paparazzinews.com.br\/index.php?rest_route=%2Fwp%2Fv2%2Ftags&post=6394"}],"curies":[{"name":"wp","href":"https:\/\/api.w.org\/{rel}","templated":true}]}}