{"id":633,"date":"2022-09-06T16:32:29","date_gmt":"2022-09-06T19:32:29","guid":{"rendered":"https:\/\/www.paparazzinews.com.br\/?p=633"},"modified":"2022-09-06T16:32:31","modified_gmt":"2022-09-06T19:32:31","slug":"aguas-andradina-e-castilho-realizam-acoes-e-promovem-o-voluntariado","status":"publish","type":"post","link":"https:\/\/www.paparazzinews.com.br\/?p=633","title":{"rendered":"\u00c1guas Andradina e Castilho realizam a\u00e7\u00f5es e promovem o voluntariado"},"content":{"rendered":"\n<p>O olhar da\u00c1guas Andradina e \u00c1guas Castilho, empresas do Grupo Igu\u00e1 e Sabesp, sempre foi muito al\u00e9m dos servi\u00e7os de \u00e1gua e esgoto, enxergando as necessidades sociais e ambientais desses munic\u00edpios. E esse papel social foi intensificado com atividades realizadas durante as \u00faltimas semanas em celebra\u00e7\u00e3o ao Dia Nacional do Voluntariado (28\/08).<\/p>\n\n\n\n<p>Estas iniciativas, que contaram com a participa\u00e7\u00e3o de colaboradores volunt\u00e1rios, fazem parte do Voluntarigu\u00e1, um programa interno de incentivo e promo\u00e7\u00e3o da pr\u00e1tica do voluntariado.<\/p>\n\n\n\n<p>Para o diretor geral das concession\u00e1rias, Lu\u00eds Guilherme Bizelli, \u201cao participar de uma a\u00e7\u00e3o social, o colaborador conhece um outro lado da vida daquela pessoa. Isso ajuda a dimensionar o senso de urg\u00eancia e preocupa\u00e7\u00e3o em prestar o melhor servi\u00e7o para a popula\u00e7\u00e3o. Esse envolvimento dos times amplia a forma de conhecer a realidade das cidades e atuar no dia a dia com ainda mais comprometimento, al\u00e9m de contribuir para o desenvolvimento da comunidade onde atuamos, fortalecendo o papel da empresa com o avan\u00e7o da transforma\u00e7\u00e3o social de Andradina e Castilho\u201d.<\/p>\n\n\n\n<p><strong>Confira as a\u00e7\u00f5es realizadas no m\u00eas de agosto:<\/strong><\/p>\n\n\n\n<p>Dias 2 e 3 &#8211; \u201cVoc\u00ea no Saneamento\u201d, visitas monitoradas pela Esta\u00e7\u00e3o de Tratamento de Esgoto Saudade, em Andradina, e&nbsp;na ETE Laranjeiras, em Castilho, com l\u00edderes de entidades locais.<\/p>\n\n\n\n<p>Dia 11 \u2013 caf\u00e9 da tarde com as pessoas atendidas na CAMOR &#8211; Casa de Apoio ao Morador de Rua de Andradina.<\/p>\n\n\n\n<p>Dia 16 &#8211; \u00c1guas Andradina nas Escolas no SESI com a palestra \u201cCombate \u00e0 Polui\u00e7\u00e3o\u201d.<\/p>\n\n\n\n<p>Dia 17 &#8211;&nbsp;\u00c1guas Castilho nas Escolas no col\u00e9gio Mauro Roberto com a palestra \u201cCombate \u00e0 Polui\u00e7\u00e3o\u201d.<\/p>\n\n\n\n<p>Dia 29 &#8211; Voc\u00ea no Saneamento &#8211; visita ao Sistema Jardim das \u00c1guas dos estudantes do&nbsp;&nbsp;terceiro ano da&nbsp;EMEF Josepha de Jesus Carreira<\/p>\n\n\n\n<p>Dia 30 &#8211; doa\u00e7\u00e3o de cestas b\u00e1sicas na Casa George Muller em Andradina.<\/p>\n\n\n\n<p>Dia 31 &#8211; entrega de cestas b\u00e1sicas para o Fundo Social de Castilho.<\/p>\n\n\n\n<p>Para saber mais informa\u00e7\u00f5es sobre os trabalhos realizados pela \u00c1guas Andradina e \u00c1guas Castilho acessem&nbsp;&nbsp;<a href=\"http:\/\/www.igua.com.br\/andradina\" target=\"_blank\" rel=\"noreferrer noopener\">www.igua.com.br\/andradina<\/a>&nbsp;e&nbsp;<a href=\"http:\/\/www.igua.com.br\/castilho\" target=\"_blank\" rel=\"noreferrer noopener\">www.igua.com.br\/castilho<\/a>.<\/p>\n","protected":false},"excerpt":{"rendered":"<p>O olhar da\u00c1guas Andradina e \u00c1guas Castilho, empresas do Grupo Igu\u00e1 e Sabesp, sempre foi muito al\u00e9m dos servi\u00e7os de \u00e1gua e esgoto, enxergando as necessidades sociais e ambientais desses munic\u00edpios. E esse papel social foi intensificado com atividades realizadas durante as \u00faltimas semanas em celebra\u00e7\u00e3o ao Dia Nacional do Voluntariado (28\/08). Estas iniciativas, que &hellip;<\/p>\n","protected":false},"author":1,"featured_media":634,"comment_status":"open","ping_status":"open","sticky":false,"template":"","format":"standard","meta":{"_jetpack_memberships_contains_paid_content":false,"footnotes":"","jetpack_publicize_message":"","jetpack_publicize_feature_enabled":true,"jetpack_social_post_already_shared":false,"jetpack_social_options":{"image_generator_settings":{"template":"highway","default_image_id":0,"enabled":false},"version":2}},"categories":[4],"tags":[],"class_list":["post-633","post","type-post","status-publish","format-standard","has-post-thumbnail","hentry","category-regiao"],"jetpack_publicize_connections":[],"jetpack_featured_media_url":"https:\/\/i0.wp.com\/www.paparazzinews.com.br\/wp-content\/uploads\/2022\/09\/voluntariado_doacaodeCastilho_.jpg?fit=1040%2C780&ssl=1","views":"3080","jetpack_likes_enabled":true,"jetpack_sharing_enabled":true,"_links":{"self":[{"href":"https:\/\/www.paparazzinews.com.br\/index.php?rest_route=\/wp\/v2\/posts\/633","targetHints":{"allow":["GET"]}}],"collection":[{"href":"https:\/\/www.paparazzinews.com.br\/index.php?rest_route=\/wp\/v2\/posts"}],"about":[{"href":"https:\/\/www.paparazzinews.com.br\/index.php?rest_route=\/wp\/v2\/types\/post"}],"author":[{"embeddable":true,"href":"https:\/\/www.paparazzinews.com.br\/index.php?rest_route=\/wp\/v2\/users\/1"}],"replies":[{"embeddable":true,"href":"https:\/\/www.paparazzinews.com.br\/index.php?rest_route=%2Fwp%2Fv2%2Fcomments&post=633"}],"version-history":[{"count":1,"href":"https:\/\/www.paparazzinews.com.br\/index.php?rest_route=\/wp\/v2\/posts\/633\/revisions"}],"predecessor-version":[{"id":635,"href":"https:\/\/www.paparazzinews.com.br\/index.php?rest_route=\/wp\/v2\/posts\/633\/revisions\/635"}],"wp:featuredmedia":[{"embeddable":true,"href":"https:\/\/www.paparazzinews.com.br\/index.php?rest_route=\/wp\/v2\/media\/634"}],"wp:attachment":[{"href":"https:\/\/www.paparazzinews.com.br\/index.php?rest_route=%2Fwp%2Fv2%2Fmedia&parent=633"}],"wp:term":[{"taxonomy":"category","embeddable":true,"href":"https:\/\/www.paparazzinews.com.br\/index.php?rest_route=%2Fwp%2Fv2%2Fcategories&post=633"},{"taxonomy":"post_tag","embeddable":true,"href":"https:\/\/www.paparazzinews.com.br\/index.php?rest_route=%2Fwp%2Fv2%2Ftags&post=633"}],"curies":[{"name":"wp","href":"https:\/\/api.w.org\/{rel}","templated":true}]}}