{"id":630,"date":"2022-09-06T16:30:39","date_gmt":"2022-09-06T19:30:39","guid":{"rendered":"https:\/\/www.paparazzinews.com.br\/?p=630"},"modified":"2022-09-06T16:30:40","modified_gmt":"2022-09-06T19:30:40","slug":"500-mil-veiculos-devem-ir-para-rodovias-neste-feriado","status":"publish","type":"post","link":"https:\/\/www.paparazzinews.com.br\/?p=630","title":{"rendered":"500 mil ve\u00edculos devem ir para rodovias neste feriado"},"content":{"rendered":"\n<p>As 20 concession\u00e1rias integrantes do Programa de Concess\u00f5es Rodovi\u00e1rias do Governo do Estado de S\u00e3o Paulo, regulado pela ARTESP &#8211; Ag\u00eancia de Transporte do Estado de S\u00e3o Paulo ter\u00e3o refor\u00e7os operacionais neste Feriado da Independ\u00eancia. Somente nas principais rodovias de sa\u00edda da capital paulista a previs\u00e3o \u00e9 de que mais de 500 mil ve\u00edculos sigam sentido litoral e interior. J\u00e1 pelas principais rodovias administradas pelo Departamento de Estradas de Rodagem (DER) h\u00e1 expectativa de tr\u00e1fego de 167 mil ve\u00edculos.&nbsp;<br>&nbsp;&nbsp;<\/p>\n\n\n\n<p>\u201cEstamos mobilizados para coordenar a opera\u00e7\u00e3o tanto nas rodovias do DER como tamb\u00e9m nas concessionadas. S\u00e3o centenas de ve\u00edculos de apoio e de profissionais envolvidos, com as Unidades B\u00e1sicas de Atendimento funcionando sem interrup\u00e7\u00e3o para auxiliar os usu\u00e1rios\u201d, afirma o secret\u00e1rio de Log\u00edstica e Transportes, Jo\u00e3o Octaviano Machado Neto.&nbsp;<br>&nbsp;&nbsp;<\/p>\n\n\n\n<p>Para promover mais seguran\u00e7a e conforto aos usu\u00e1rios neste feriado, os Centros de Controle Operacionais (CCOs) das concession\u00e1rias, que fazem a gest\u00e3o de 11,1 mil quil\u00f4metros da malha concedida, contar\u00e3o com refor\u00e7o nos equipamentos para inspe\u00e7\u00e3o do tr\u00e1fego e apoio, com&nbsp; cerca de 640 contadores veiculares (SATs), 3.100 c\u00e2meras CFTV,&nbsp; 400 pain\u00e9is de mensagens vari\u00e1veis (com informa\u00e7\u00f5es sobre as condi\u00e7\u00f5es da rodovia) e cerca de 7.300&nbsp; call boxes ( telefones de emerg\u00eancia), al\u00e9m de pontos de wi-fi e esta\u00e7\u00f5es meteorol\u00f3gicas.&nbsp;<br>&nbsp;&nbsp;<\/p>\n\n\n\n<p>Al\u00e9m disso, tamb\u00e9m haver\u00e1 refor\u00e7o nos servi\u00e7os de atendimento m\u00e9dico, mec\u00e2nico e no Servi\u00e7o de Atendimento ao Usu\u00e1rio (SAU). Os recursos incluem mais de 750 ve\u00edculos, entre guinchos leves e pesados, ve\u00edculos de inspe\u00e7\u00e3o de tr\u00e1fego, unidades de resgate, caminh\u00e3o pipa e resgate de animais.&nbsp;<br>&nbsp;&nbsp;<\/p>\n\n\n\n<p>\u201cEmbora seja apenas um dia de feriado, a ARTESP e as concession\u00e1rias v\u00e3o disponibilizar diversos sistemas de atendimento e refor\u00e7o nas opera\u00e7\u00f5es para garantir o m\u00e1ximo de conforto e seguran\u00e7a aos usu\u00e1rios neste Feriado da Independ\u00eancia\u201d, refor\u00e7a Milton Persoli, diretor-geral da ARTESP.&nbsp;<br>&nbsp;&nbsp;<\/p>\n\n\n\n<p>As concession\u00e1rias reguladas pela ARTESP tamb\u00e9m manter\u00e3o a Opera\u00e7\u00e3o Visibilidade, que consiste no posicionamento de viaturas operacionais em pontos estrat\u00e9gicos, para permitir maior agilidade e seguran\u00e7a no atendimento para quem trafega pelas rodovias estaduais.&nbsp;&nbsp;<\/p>\n\n\n\n<p>A opera\u00e7\u00e3o especial neste Feriado da Independ\u00eancia tamb\u00e9m contempla o Rodoanel, tanto nos trechos Leste e Sul \u2013 operados pela concession\u00e1ria SPMa*r, quanto no trecho Oeste, sob gest\u00e3o da concession\u00e1ria *CCR Rodoanel.&nbsp;&nbsp;<\/p>\n\n\n\n<p>A ARTESP monitorar\u00e1 a opera\u00e7\u00e3o nas rodovias concedidas a partir do Centro de Controle de Informa\u00e7\u00f5es (CCI), de onde \u00e9 poss\u00edvel acompanhar em tempo real o tr\u00e1fego, por meio de c\u00e2meras (CFTV\u2019S), telefones de emerg\u00eancia (call box), aplicativos de mensagens e redes sociais.&nbsp;&nbsp;<\/p>\n\n\n\n<p><strong>Rodovias do DER<\/strong>&nbsp;<\/p>\n\n\n\n<p>As rodovias administradas pelo Departamento de Estradas de Rodagem (DER) que saem ou recebem ve\u00edculos da capital esperam ter um volume de 167 mil ve\u00edculos neste feriado. O Departamento refor\u00e7ar\u00e1 o atendimento operacional com viaturas dispostas em pontos estrat\u00e9gicos das rodovias, com equipamentos para auxiliar o monitoramento &#8211; entre eles, contadores veiculares \u2013 SATs (para estudo de tr\u00e1fego), c\u00e2meras CFTV e pain\u00e9is de mensagens vari\u00e1veis (com informa\u00e7\u00f5es sobre as condi\u00e7\u00f5es da rodovia).&nbsp; Al\u00e9m disso, as rodovias administradas pelo Departamento contar\u00e3o com apoio operacional composto por guinchos leves e pesados, caminhonetes de inspe\u00e7\u00e3o distribu\u00eddos nas principais vias do Estado, al\u00e9m das Unidades B\u00e1sicas de Atendimento (UBAs), que estar\u00e3o \u00e0 disposi\u00e7\u00e3o dos usu\u00e1rios 24 horas por dia.&nbsp;<\/p>\n\n\n\n<p><strong>Movimenta\u00e7\u00e3o nas principais vias concedidas<\/strong>&nbsp;<\/p>\n\n\n\n<p>A previs\u00e3o \u00e9 de aumento no fluxo de ve\u00edculos a partir da 0h da quarta-feira (7\/07), sentido litoral e interior. J\u00e1 na volta do feriado, h\u00e1 previs\u00e3o de tr\u00e1fego intenso durante todo o dia.<br>&nbsp;&nbsp;<\/p>\n\n\n\n<p>No Sistema Anchieta-Imigrantes (SAI) s\u00e3o esperados entre 65 mil e 100 mil ve\u00edculos que devem seguir para o litoral pelas rodovias Anchieta (SP-150) e Imigrantes (SP-160), entre ter\u00e7a (6\/09) e quarta (7\/09).&nbsp; N\u00e3o haver\u00e1 opera\u00e7\u00e3o especial no sistema SAI neste feriado.&nbsp;<br>&nbsp;&nbsp;<\/p>\n\n\n\n<p>Na Rodovia dos Tamoios (SP-098), cerca de 16 mil ve\u00edculos devem utilizar as pistas rumo ao Litoral Norte durante o feriado da Independ\u00eancia, quando ser\u00e1 montada opera\u00e7\u00e3o especial. A serra antiga ser\u00e1 utilizada como pista de descida (S\u00e3o Jos\u00e9 dos Campos &#8211; Caraguatatuba) e a nova para subida (Caraguatatuba &#8211; S\u00e3o Jos\u00e9 dos Campos).&nbsp; Haver\u00e1 tamb\u00e9m restri\u00e7\u00e3o aos ve\u00edculos de carga na quarta-feira: no sentido Litoral das 8h \u00e0s 12h; e no sentido S. J. Campos das 15h \u00e0s 23h.&nbsp;&nbsp;<\/p>\n\n\n\n<p>A previs\u00e3o para o Corredor Ayrton Senna-Carvalho Pinto \u00e9 de que cerca de 165 mil ve\u00edculos passem pelas quatro pra\u00e7as de ped\u00e1gio do corredor, nos dois sentidos, entre \u00e0 0h e \u00e0s 23h59 da quarta-feira (7\/09). O fluxo de ve\u00edculos deve ser mais intenso no sentido interior, das 08h \u00e0s 14h. J\u00e1 o retorno para S\u00e3o Paulo, deve ter tr\u00e1fego maior entre 12h e 19h.<br>&nbsp;&nbsp;<\/p>\n\n\n\n<p>No Sistema Anhanguera-Bandeirantes, a estimativa \u00e9 de que 132 mil ve\u00edculos circulem pelas rodovias, entre sa\u00edda e chegada \u00e0 capital. Os hor\u00e1rios de fluxo mais intenso est\u00e3o previstos para os per\u00edodos das 16h \u00e0s 19h de ter\u00e7a-feira (dia 6) e das 9h \u00e0s 10h de quarta-feira (7), no sentido interior. No retorno, o maior movimento deve ocorrer das 17h \u00e0s 18h, no sentido Capital.&nbsp; Durante o feriado estar\u00e1 em vigor a Opera\u00e7\u00e3o Caminh\u00e3o. Dessa forma, esses ve\u00edculos que se destinam \u00e0 capital pela Rodovia dos Bandeirantes (SP-348) devem utilizar a Via Anhanguera (SP-330) no trecho do km 48 ao km 23, entre Jundia\u00ed e S\u00e3o Paulo, acessando a rodovia pela sa\u00edda 48 da Bandeirantes. O desvio tem como objetivo melhorar a distribui\u00e7\u00e3o do tr\u00e1fego.&nbsp;&nbsp;<\/p>\n\n\n\n<p>O Sistema Castello Branco-Raposo Tavares e o trecho Oeste do Rodoanel devem receber mais de 280 mil ve\u00edculos nesta quarta-feira (7\/09). Deste total, 114 mil ve\u00edculos devem circular na Rodovia Castelo Branco (SP-280) e Raposo Tavares (SP-270) e cerca de 172 mil devem passar pelo trecho Oeste do Rodoanel.<br>&nbsp;&nbsp;<\/p>\n\n\n\n<p>Na ter\u00e7a-feira, a previs\u00e3o nas duas rodovias \u00e9 que o movimento seja maior das 16h \u00e0s 19h. Na quarta-feira, o fluxo deve ser intenso das 9h \u00e0s 10h. Para o retorno do feriado, na quarta-feira, a concession\u00e1ria estima maior concentra\u00e7\u00e3o de ve\u00edculos, no sentido capital, das 17h \u00e0s 18h.&nbsp; J\u00e1 no trecho Oeste do Rodoanel h\u00e1 previs\u00e3o de movimento intenso para ter\u00e7a-feira, das 16h \u00e0s 19h, e na quarta, a expectativa \u00e9 de tr\u00e1fego normal durante todo o feriado.&nbsp;&nbsp;<\/p>\n\n\n\n<p><strong>Movimenta\u00e7\u00e3o nas rodovias do DER<\/strong><br>&nbsp;&nbsp;<\/p>\n\n\n\n<figure class=\"wp-block-table\"><table><tbody><tr><td>Rodovia Manoel Hyppolito Rego (SP-055) &nbsp; &nbsp; &nbsp;&nbsp;&nbsp;<\/td><td>23.241&nbsp;&nbsp;<\/td><\/tr><tr><td>Rodovia Padre Manoel da N\u00f3brega (SP- 055)&nbsp;&nbsp;<\/td><td>39.256&nbsp;<\/td><\/tr><tr><td>Rodovia D. Paulo R. Loureiro (SP-098) (Mogi-Bertioga)&nbsp;&nbsp;<\/td><td>8.032&nbsp;<\/td><\/tr><tr><td>Rodovia Oswaldo Cruz (SP-125)&nbsp;&nbsp;&nbsp;&nbsp;<\/td><td>5.304&nbsp;<\/td><\/tr><tr><td>Rodovia Raposo Tavares (SP-270)&nbsp;&nbsp;&nbsp;<\/td><td>81.285&nbsp;&nbsp;<\/td><\/tr><tr><td>Rodovia Floriano Rodrigues Pinheiro (SP 123)&nbsp;&nbsp;<\/td><td>10.026&nbsp;<\/td><\/tr><\/tbody><\/table><\/figure>\n\n\n\n<p><strong>Emerg\u00eancias<\/strong><br>&nbsp;&nbsp;<\/p>\n\n\n\n<p>Contatos de emerg\u00eancia das concession\u00e1rias que administram a malha rodovi\u00e1ria paulista e do DER:&nbsp; &nbsp;<br>&nbsp;&nbsp;<\/p>\n\n\n\n<figure class=\"wp-block-table\"><table><tbody><tr><td>AUTOBAN&nbsp;&nbsp;&nbsp;&nbsp;<\/td><td>0800.055.55.50&nbsp;<\/td><\/tr><tr><td>AUTOVIAS&nbsp;&nbsp;&nbsp;&nbsp;&nbsp;&nbsp;&nbsp;&nbsp;<\/td><td>0800.707.9000&nbsp;<\/td><\/tr><tr><td>CART&nbsp;&nbsp;&nbsp;&nbsp; &nbsp; &nbsp;&nbsp;&nbsp;<\/td><td>0800.773.0090&nbsp;<\/td><\/tr><tr><td>CENTROVIAS&nbsp;&nbsp;&nbsp;&nbsp;<\/td><td>0800.17.89.98&nbsp;<\/td><\/tr><tr><td>COLINAS&nbsp;&nbsp;&nbsp;&nbsp;&nbsp;&nbsp;<\/td><td>0800.703.5080&nbsp;<\/td><\/tr><tr><td>ECOPISTAS&nbsp;&nbsp;<\/td><td>0800.777.0070&nbsp;<\/td><\/tr><tr><td>ECOVIAS&nbsp;&nbsp;<\/td><td>0800.19.78.78&nbsp;<\/td><\/tr><tr><td>ENTREVIAS&nbsp;&nbsp;<\/td><td>0800 3000 333&nbsp;<\/td><\/tr><tr><td>INTERVIAS&nbsp;<\/td><td>0800.707.1414&nbsp;<\/td><\/tr><tr><td>RENOVIAS&nbsp;&nbsp;&nbsp;&nbsp;<\/td><td>0800.055.96.96&nbsp;<\/td><\/tr><tr><td>RODOANEL OESTE&nbsp;<\/td><td>0800.773.6699&nbsp;<\/td><\/tr><tr><td>RODOVIAS DO TIET\u00ca&nbsp;&nbsp;&nbsp;<\/td><td>0800.770.3322&nbsp;<\/td><\/tr><tr><td>ROTA DAS BANDEIRAS&nbsp;&nbsp;<\/td><td>0800.770.8070&nbsp;<\/td><\/tr><tr><td>SPMAR&nbsp;&nbsp;<\/td><td>0800.774.8877&nbsp;<\/td><\/tr><tr><td>SPVIAS&nbsp;&nbsp;&nbsp;&nbsp;<\/td><td>0800.703.5030&nbsp;<\/td><\/tr><tr><td>TEBE&nbsp;<\/td><td>0800.55.11.67&nbsp;<\/td><\/tr><tr><td>TRI NGULO DO SOL&nbsp;<\/td><td>0800.701.1609&nbsp;<\/td><\/tr><tr><td>TAMOIOS&nbsp;&nbsp;&nbsp;&nbsp;&nbsp;&nbsp;&nbsp;&nbsp;&nbsp;&nbsp;<\/td><td>0800.545.0000&nbsp;<\/td><\/tr><tr><td>VIAOESTE&nbsp;&nbsp;<\/td><td>0800.701.5555&nbsp;<\/td><\/tr><tr><td>VIARONDON&nbsp;&nbsp;&nbsp;&nbsp;<\/td><td>0800.729.9300&nbsp;<\/td><\/tr><tr><td>VIAPAULISTA&nbsp;&nbsp;<\/td><td>0800.001.1255&nbsp;<\/td><\/tr><tr><td>DER&nbsp;&nbsp;<\/td><td>0800 055 55 10&nbsp;<\/td><\/tr><\/tbody><\/table><\/figure>\n","protected":false},"excerpt":{"rendered":"<p>As 20 concession\u00e1rias integrantes do Programa de Concess\u00f5es Rodovi\u00e1rias do Governo do Estado de S\u00e3o Paulo, regulado pela ARTESP &#8211; Ag\u00eancia de Transporte do Estado de S\u00e3o Paulo ter\u00e3o refor\u00e7os operacionais neste Feriado da Independ\u00eancia. Somente nas principais rodovias de sa\u00edda da capital paulista a previs\u00e3o \u00e9 de que mais de 500 mil ve\u00edculos sigam &hellip;<\/p>\n","protected":false},"author":1,"featured_media":631,"comment_status":"open","ping_status":"open","sticky":false,"template":"","format":"standard","meta":{"_jetpack_memberships_contains_paid_content":false,"footnotes":"","jetpack_publicize_message":"","jetpack_publicize_feature_enabled":true,"jetpack_social_post_already_shared":false,"jetpack_social_options":{"image_generator_settings":{"template":"highway","default_image_id":0,"enabled":false},"version":2}},"categories":[4],"tags":[],"class_list":["post-630","post","type-post","status-publish","format-standard","has-post-thumbnail","hentry","category-regiao"],"jetpack_publicize_connections":[],"jetpack_featured_media_url":"https:\/\/i0.wp.com\/www.paparazzinews.com.br\/wp-content\/uploads\/2022\/09\/285187685_378145691013771_6314950034871503104_n-e1662492628692.jpg?fit=1000%2C667&ssl=1","views":"2993","jetpack_likes_enabled":true,"jetpack_sharing_enabled":true,"_links":{"self":[{"href":"https:\/\/www.paparazzinews.com.br\/index.php?rest_route=\/wp\/v2\/posts\/630","targetHints":{"allow":["GET"]}}],"collection":[{"href":"https:\/\/www.paparazzinews.com.br\/index.php?rest_route=\/wp\/v2\/posts"}],"about":[{"href":"https:\/\/www.paparazzinews.com.br\/index.php?rest_route=\/wp\/v2\/types\/post"}],"author":[{"embeddable":true,"href":"https:\/\/www.paparazzinews.com.br\/index.php?rest_route=\/wp\/v2\/users\/1"}],"replies":[{"embeddable":true,"href":"https:\/\/www.paparazzinews.com.br\/index.php?rest_route=%2Fwp%2Fv2%2Fcomments&post=630"}],"version-history":[{"count":1,"href":"https:\/\/www.paparazzinews.com.br\/index.php?rest_route=\/wp\/v2\/posts\/630\/revisions"}],"predecessor-version":[{"id":632,"href":"https:\/\/www.paparazzinews.com.br\/index.php?rest_route=\/wp\/v2\/posts\/630\/revisions\/632"}],"wp:featuredmedia":[{"embeddable":true,"href":"https:\/\/www.paparazzinews.com.br\/index.php?rest_route=\/wp\/v2\/media\/631"}],"wp:attachment":[{"href":"https:\/\/www.paparazzinews.com.br\/index.php?rest_route=%2Fwp%2Fv2%2Fmedia&parent=630"}],"wp:term":[{"taxonomy":"category","embeddable":true,"href":"https:\/\/www.paparazzinews.com.br\/index.php?rest_route=%2Fwp%2Fv2%2Fcategories&post=630"},{"taxonomy":"post_tag","embeddable":true,"href":"https:\/\/www.paparazzinews.com.br\/index.php?rest_route=%2Fwp%2Fv2%2Ftags&post=630"}],"curies":[{"name":"wp","href":"https:\/\/api.w.org\/{rel}","templated":true}]}}