{"id":6267,"date":"2023-10-03T16:25:51","date_gmt":"2023-10-03T19:25:51","guid":{"rendered":"https:\/\/www.paparazzinews.com.br\/?p=6267"},"modified":"2023-10-03T16:25:52","modified_gmt":"2023-10-03T19:25:52","slug":"pastor-ataca-durante-culto-imagem-de-nossa-senhora-aparecidasatanas-fantasiado-de-azul","status":"publish","type":"post","link":"https:\/\/www.paparazzinews.com.br\/?p=6267","title":{"rendered":"Pastor ataca durante culto imagem de Nossa Senhora Aparecida,&#8221;Satan\u00e1s fantasiado de azul&#8221;"},"content":{"rendered":"\n<p>Um pastor evang\u00e9lico causou pol\u00eamica ao atacar uma escultura de Nossa Senhora Aparecida colocada na entrada da cidade de\u00a0<a class=\"\" href=\"https:\/\/g1.globo.com\/sp\/bauru-marilia\/cidade\/bastos\/\">Bastos<\/a>, no interior de SP. A informa\u00e7\u00e3o \u00e9 do G1.<\/p>\n\n\n\n<p>Os ataques de intoler\u00e2ncia religiosa ocorreram durante um culto na Igreja Vida Nova e foram transmitidos em uma live no \u00faltimo domingo (1\u00ba).<\/p>\n\n\n\n<p>No v\u00eddeo, o pastor S\u00e9rgio Fernandes critica a prefeitura da cidade por ter colocado uma imagem de Nossa Senhora Aparecida e afirma que ela n\u00e3o representa o munic\u00edpio.\u00a0<\/p>\n\n\n\n<p>&#8220;Aquela imagem n\u00e3o nos representa. N\u00e3o tem nada a ver com a gente. Eu estou indignado. Estou conversando com pastores, com pessoas, porque eu estou indignado em usar o dinheiro p\u00fablico para fazer aquilo que fizeram&#8221;, afirma.<\/p>\n\n\n\n<p>Na sequ\u00eancia, o religioso continua com a cr\u00edtica afirmando que outros s\u00edmbolos poderiam representar a cidade, que \u00e9 reconhecida como a &#8220;Capital do Ovo&#8221; e tem forte influ\u00eancia da imigra\u00e7\u00e3o japonesa.<\/p>\n\n\n\n<p>&#8220;Quando a pessoa entra em&nbsp;<a class=\"\" href=\"https:\/\/g1.globo.com\/sp\/bauru-marilia\/cidade\/bastos\/\">Bastos<\/a>, e olha l\u00e1 a bandeira do Brasil, a bandeira do Jap\u00e3o, o obelisco(&#8230;) beleza, \u00e9 cultura japonesa. Parab\u00e9ns, nos representa.&#8221;<\/p>\n\n\n\n<p>Neste momento, o pastor evang\u00e9lico passa a atacar a imagem da santa, chegando a cham\u00e1-la de &#8220;satan\u00e1s fantasiado de azul&#8221;.<\/p>\n\n\n\n<blockquote class=\"wp-block-quote is-layout-flow wp-block-quote-is-layout-flow\">\n<p>&#8220;P\u00f5e ovo, p\u00f5e galinha, p\u00f5e o que quiser, mas n\u00e3o vem p\u00f4r o Satan\u00e1s fantasiado de azul na entrada da cidade&#8221;, diz o pastor.<\/p>\n<cite>Ainda no v\u00eddeo, o pastor S\u00e9rgio Fernandes diz que n\u00e3o ir\u00e1 aceitar a perman\u00eancia da imagem de Nossa Senhora no local. \u201c[Ela] s\u00f3 traz maldi\u00e7\u00e3o para a nossa cidade. Aquilo l\u00e1 \u00e9 ponto de contato com o inferno(\u2026) Todo esp\u00edrito de idolatria n\u00e3o vai ficar aqui, eu n\u00e3o aceito\u201d, finaliza.<br><br>O\u00a0<a class=\"\" href=\"https:\/\/g1.globo.com\/sp\/bauru-marilia\/\">g1<\/a>\u00a0entrou em contato com o pastor, que afirmou que ir\u00e1 se manifestar &#8220;em momento oportuno&#8221;.<\/cite><\/blockquote>\n\n\n\n<p><em><strong>Participe da comunidade do Canal Roni Paparazzi no Whatsapp e receba as principais not\u00edcias do dia direto no seu celular.<\/strong>\u00a0<a rel=\"noreferrer noopener\" href=\"https:\/\/chat.whatsapp.com\/GsG1XKo0jPOEfjzudWQcml\" target=\"_blank\">\u00a0Clique aqui e se inscreva.<\/a><\/em><\/p>\n","protected":false},"excerpt":{"rendered":"<p>Um pastor evang\u00e9lico causou pol\u00eamica ao atacar uma escultura de Nossa Senhora Aparecida colocada na entrada da cidade de\u00a0Bastos, no interior de SP. A informa\u00e7\u00e3o \u00e9 do G1. Os ataques de intoler\u00e2ncia religiosa ocorreram durante um culto na Igreja Vida Nova e foram transmitidos em uma live no \u00faltimo domingo (1\u00ba). No v\u00eddeo, o pastor &hellip;<\/p>\n","protected":false},"author":1,"featured_media":6268,"comment_status":"open","ping_status":"open","sticky":false,"template":"","format":"standard","meta":{"_jetpack_memberships_contains_paid_content":false,"footnotes":"","jetpack_publicize_message":"","jetpack_publicize_feature_enabled":true,"jetpack_social_post_already_shared":false,"jetpack_social_options":{"image_generator_settings":{"template":"highway","default_image_id":0,"enabled":false},"version":2}},"categories":[4],"tags":[],"class_list":["post-6267","post","type-post","status-publish","format-standard","has-post-thumbnail","hentry","category-regiao"],"jetpack_publicize_connections":[],"jetpack_featured_media_url":"https:\/\/i0.wp.com\/www.paparazzinews.com.br\/wp-content\/uploads\/2023\/10\/d0bc50ab-26b6-4a97-bffb-3f010c3c37b2.jpg?fit=640%2C360&ssl=1","views":"2492","jetpack_likes_enabled":true,"jetpack_sharing_enabled":true,"_links":{"self":[{"href":"https:\/\/www.paparazzinews.com.br\/index.php?rest_route=\/wp\/v2\/posts\/6267","targetHints":{"allow":["GET"]}}],"collection":[{"href":"https:\/\/www.paparazzinews.com.br\/index.php?rest_route=\/wp\/v2\/posts"}],"about":[{"href":"https:\/\/www.paparazzinews.com.br\/index.php?rest_route=\/wp\/v2\/types\/post"}],"author":[{"embeddable":true,"href":"https:\/\/www.paparazzinews.com.br\/index.php?rest_route=\/wp\/v2\/users\/1"}],"replies":[{"embeddable":true,"href":"https:\/\/www.paparazzinews.com.br\/index.php?rest_route=%2Fwp%2Fv2%2Fcomments&post=6267"}],"version-history":[{"count":1,"href":"https:\/\/www.paparazzinews.com.br\/index.php?rest_route=\/wp\/v2\/posts\/6267\/revisions"}],"predecessor-version":[{"id":6269,"href":"https:\/\/www.paparazzinews.com.br\/index.php?rest_route=\/wp\/v2\/posts\/6267\/revisions\/6269"}],"wp:featuredmedia":[{"embeddable":true,"href":"https:\/\/www.paparazzinews.com.br\/index.php?rest_route=\/wp\/v2\/media\/6268"}],"wp:attachment":[{"href":"https:\/\/www.paparazzinews.com.br\/index.php?rest_route=%2Fwp%2Fv2%2Fmedia&parent=6267"}],"wp:term":[{"taxonomy":"category","embeddable":true,"href":"https:\/\/www.paparazzinews.com.br\/index.php?rest_route=%2Fwp%2Fv2%2Fcategories&post=6267"},{"taxonomy":"post_tag","embeddable":true,"href":"https:\/\/www.paparazzinews.com.br\/index.php?rest_route=%2Fwp%2Fv2%2Ftags&post=6267"}],"curies":[{"name":"wp","href":"https:\/\/api.w.org\/{rel}","templated":true}]}}