{"id":6258,"date":"2023-10-03T15:55:12","date_gmt":"2023-10-03T18:55:12","guid":{"rendered":"https:\/\/www.paparazzinews.com.br\/?p=6258"},"modified":"2023-10-03T15:55:13","modified_gmt":"2023-10-03T18:55:13","slug":"homem-ve-o-neto-de-6-anos-morrer-atropelado-por-carro","status":"publish","type":"post","link":"https:\/\/www.paparazzinews.com.br\/?p=6258","title":{"rendered":"Homem v\u00ea o neto de 6 anos morrer atropelado por carro"},"content":{"rendered":"\n<p>Um menino de apenas seis anos de idade morreu ap\u00f3s ser atropelado enquanto brincava com um patinete, na \u00faltima segunda-feira (2\/10), na movimentada avenida Libero de Almeida, em Fernand\u00f3polis (SP). Segundo a Pol\u00edcia Militar, a crian\u00e7a estava acompanhada do av\u00f4 e atravessava a rua na faixa de pedestres quando foi atingida por um carro. A informa\u00e7\u00e3o \u00e9 do Sbtinterior.<\/p>\n\n\n\n<p>Ainda segundo a PM, o garotinho estava brincando com o acess\u00f3rio&nbsp;pelo canteiro central da avenida e, quando foi atravessar para a cal\u00e7ada pela faixa de pedestres, foi atingido por um WV\/ Gol. A v\u00edtima foi socorrida por uma ambul\u00e2ncia do Servi\u00e7o de Atendimento M\u00f3vel de Urg\u00eancia (SAMU) com les\u00f5es graves pelo corpo e levada para a Santa Casa.<\/p>\n\n\n\n<p>No hospital, a crian\u00e7a n\u00e3o resistiu aos ferimentos e morreu. Um laudo do Instituto M\u00e9dico Legal (IML) deve revelar as causas do \u00f3bito.<\/p>\n\n\n\n<p>Ainda de acordo com a corpora\u00e7\u00e3o, o motorista&nbsp;disse que dirigia pela avenida na faixa da direita, quando viu um outro ve\u00edculo que cruzava a pista e ficou parado junto ao canteiro central, depois seguiu com o autom\u00f3vel, resultando no atropelamento. O homem informou que teve a vis\u00e3o da crian\u00e7a bloqueada pelo ve\u00edculo que estava parado.<\/p>\n\n\n\n<p>Os policiais constataram que o carro\u00a0estava em mau estado de conserva\u00e7\u00e3o e fizeram a remo\u00e7\u00e3o para o p\u00e1tio. O motorista foi submetido ao teste do baf\u00f4metro, que apontou negativo para o uso de bebidas alco\u00f3licas. Ele foi levado para a delegacia da Pol\u00edcia Civil, onde foi ouvido e liberado.<\/p>\n\n\n\n<p>O corpo do pequeno Ot\u00e1vio S\u00e1 da Silva ser\u00e1 enterrado nesta ter\u00e7a-feira (3\/10), \u00e0s 13h30, no cemit\u00e9rio da Consola\u00e7\u00e3o, em Fernand\u00f3polis.<\/p>\n\n\n\n<p><em><strong>Participe da comunidade do Canal Roni Paparazzi no Whatsapp e receba as principais not\u00edcias do dia direto no seu celular.<\/strong>\u00a0<a rel=\"noreferrer noopener\" href=\"https:\/\/chat.whatsapp.com\/GsG1XKo0jPOEfjzudWQcml\" target=\"_blank\">\u00a0Clique aqui e se inscreva.<\/a><\/em><\/p>\n","protected":false},"excerpt":{"rendered":"<p>Um menino de apenas seis anos de idade morreu ap\u00f3s ser atropelado enquanto brincava com um patinete, na \u00faltima segunda-feira (2\/10), na movimentada avenida Libero de Almeida, em Fernand\u00f3polis (SP). Segundo a Pol\u00edcia Militar, a crian\u00e7a estava acompanhada do av\u00f4 e atravessava a rua na faixa de pedestres quando foi atingida por um carro. A &hellip;<\/p>\n","protected":false},"author":1,"featured_media":6259,"comment_status":"open","ping_status":"open","sticky":false,"template":"","format":"standard","meta":{"_jetpack_memberships_contains_paid_content":false,"footnotes":"","jetpack_publicize_message":"","jetpack_publicize_feature_enabled":true,"jetpack_social_post_already_shared":false,"jetpack_social_options":{"image_generator_settings":{"template":"highway","default_image_id":0,"enabled":false},"version":2}},"categories":[3],"tags":[],"class_list":["post-6258","post","type-post","status-publish","format-standard","has-post-thumbnail","hentry","category-policial"],"jetpack_publicize_connections":[],"jetpack_featured_media_url":"https:\/\/i0.wp.com\/www.paparazzinews.com.br\/wp-content\/uploads\/2023\/10\/menino-de-6-anos-morre-atropelado-em-fernandopolis-031023_103027.jpg?fit=600%2C437&ssl=1","views":"2615","jetpack_likes_enabled":true,"jetpack_sharing_enabled":true,"_links":{"self":[{"href":"https:\/\/www.paparazzinews.com.br\/index.php?rest_route=\/wp\/v2\/posts\/6258","targetHints":{"allow":["GET"]}}],"collection":[{"href":"https:\/\/www.paparazzinews.com.br\/index.php?rest_route=\/wp\/v2\/posts"}],"about":[{"href":"https:\/\/www.paparazzinews.com.br\/index.php?rest_route=\/wp\/v2\/types\/post"}],"author":[{"embeddable":true,"href":"https:\/\/www.paparazzinews.com.br\/index.php?rest_route=\/wp\/v2\/users\/1"}],"replies":[{"embeddable":true,"href":"https:\/\/www.paparazzinews.com.br\/index.php?rest_route=%2Fwp%2Fv2%2Fcomments&post=6258"}],"version-history":[{"count":1,"href":"https:\/\/www.paparazzinews.com.br\/index.php?rest_route=\/wp\/v2\/posts\/6258\/revisions"}],"predecessor-version":[{"id":6260,"href":"https:\/\/www.paparazzinews.com.br\/index.php?rest_route=\/wp\/v2\/posts\/6258\/revisions\/6260"}],"wp:featuredmedia":[{"embeddable":true,"href":"https:\/\/www.paparazzinews.com.br\/index.php?rest_route=\/wp\/v2\/media\/6259"}],"wp:attachment":[{"href":"https:\/\/www.paparazzinews.com.br\/index.php?rest_route=%2Fwp%2Fv2%2Fmedia&parent=6258"}],"wp:term":[{"taxonomy":"category","embeddable":true,"href":"https:\/\/www.paparazzinews.com.br\/index.php?rest_route=%2Fwp%2Fv2%2Fcategories&post=6258"},{"taxonomy":"post_tag","embeddable":true,"href":"https:\/\/www.paparazzinews.com.br\/index.php?rest_route=%2Fwp%2Fv2%2Ftags&post=6258"}],"curies":[{"name":"wp","href":"https:\/\/api.w.org\/{rel}","templated":true}]}}