{"id":6197,"date":"2023-10-02T14:45:07","date_gmt":"2023-10-02T17:45:07","guid":{"rendered":"https:\/\/www.paparazzinews.com.br\/?p=6197"},"modified":"2023-10-02T14:47:37","modified_gmt":"2023-10-02T17:47:37","slug":"condutor-bebado-e-detido-pela-forca-tatica-com-revolver-apos-dar-tiro-durante-briga","status":"publish","type":"post","link":"https:\/\/www.paparazzinews.com.br\/?p=6197","title":{"rendered":"Condutor b\u00eabado \u00e9 detido pela For\u00e7a T\u00e1tica com rev\u00f3lver ap\u00f3s dar tiro durante briga"},"content":{"rendered":"\n<p>Tr\u00eas Lagoas\/MS, no 1\u00ba dia de outubro os policiais militares do 2\u00ba Batalh\u00e3o de Pol\u00edcia Militar realizaram a pris\u00e3o de um indiv\u00edduo de 23 anos, por porte ilegal de arma de fogo, disparo de arma de fogo em via p\u00fablica e conduzir ve\u00edculo alcoolizado.<\/p>\n\n\n\n<p>Por volta das 12h, um policial militar do 2\u00ba BPM ao passar na avenida Jary Mercante apesar de se encontrar de folga veio a ser solicitado por um popular que o reconheceu como policial e informou que estava ocorrendo uma briga naquele local e que o condutor de um ve\u00edculo VW\/Gol, de cor preta, se encontrava armado, instante em que o ve\u00edculo se deslocou do local e passou a ser seguido pelo militar que de imediato reportou a situa\u00e7\u00e3o a guarni\u00e7\u00e3o da For\u00e7a T\u00e1tica que logrou \u00eaxito na abordagem quando este j\u00e1 se encontrava no cruzamento das ruas Ant\u00f4nio Estevam Leal e Etelvino Cust\u00f3dio de Queiroz.<\/p>\n\n\n\n<p>Durante abordagem os policiais localizaram oculto debaixo do tapete do ve\u00edculo um rev\u00f3lver inox, de calibre .32, com a numera\u00e7\u00e3o suprimida, municiado, tendo um cartucho deflagrado e outro intacto. Em entrevista o abordado informou ter sido amea\u00e7ado de morte por um desconhecido e teria ido atr\u00e1s do desafeto para cobrar satisfa\u00e7\u00e3o, tendo trocado socos e efetuado disparo para o alto para intimid\u00e1-lo. Ainda na abordagem foi constatado que o condutor al\u00e9m de n\u00e3o possuir CNH se encontrava conduzindo o ve\u00edculo alcoolizado conforme teste de alcoolemia realizado que obteve o resultado de 0,39 mg\/L, configurando crime de tr\u00e2nsito.<\/p>\n\n\n\n<p>Ap\u00f3s ser dada voz de pris\u00e3o foi realizado sua condu\u00e7\u00e3o e apresenta\u00e7\u00e3o na Delegacia de Pol\u00edcia e o ve\u00edculo removido ao p\u00e1tio do Detran, bem como confeccionado os devidos autos de infla\u00e7\u00f5es.<\/p>\n\n\n\n<p><em><strong>Participe da comunidade do Canal Roni Paparazzi no Whatsapp e receba as principais not\u00edcias do dia direto no seu celular.<\/strong>\u00a0<a rel=\"noreferrer noopener\" href=\"https:\/\/chat.whatsapp.com\/GsG1XKo0jPOEfjzudWQcml\" target=\"_blank\">\u00a0Clique aqui e se inscreva.<\/a><\/em><\/p>\n","protected":false},"excerpt":{"rendered":"<p>Tr\u00eas Lagoas\/MS, no 1\u00ba dia de outubro os policiais militares do 2\u00ba Batalh\u00e3o de Pol\u00edcia Militar realizaram a pris\u00e3o de um indiv\u00edduo de 23 anos, por porte ilegal de arma de fogo, disparo de arma de fogo em via p\u00fablica e conduzir ve\u00edculo alcoolizado. Por volta das 12h, um policial militar do 2\u00ba BPM ao &hellip;<\/p>\n","protected":false},"author":1,"featured_media":6198,"comment_status":"open","ping_status":"open","sticky":false,"template":"","format":"standard","meta":{"_jetpack_memberships_contains_paid_content":false,"footnotes":"","jetpack_publicize_message":"","jetpack_publicize_feature_enabled":true,"jetpack_social_post_already_shared":false,"jetpack_social_options":{"image_generator_settings":{"template":"highway","default_image_id":0,"enabled":false},"version":2}},"categories":[3],"tags":[],"class_list":["post-6197","post","type-post","status-publish","format-standard","has-post-thumbnail","hentry","category-policial"],"jetpack_publicize_connections":[],"jetpack_featured_media_url":"https:\/\/i0.wp.com\/www.paparazzinews.com.br\/wp-content\/uploads\/2023\/10\/Snapinsta.app_384757299_227992176935842_974753596427999329_n_1080.jpg?fit=1080%2C1080&ssl=1","views":"1890","jetpack_likes_enabled":true,"jetpack_sharing_enabled":true,"_links":{"self":[{"href":"https:\/\/www.paparazzinews.com.br\/index.php?rest_route=\/wp\/v2\/posts\/6197","targetHints":{"allow":["GET"]}}],"collection":[{"href":"https:\/\/www.paparazzinews.com.br\/index.php?rest_route=\/wp\/v2\/posts"}],"about":[{"href":"https:\/\/www.paparazzinews.com.br\/index.php?rest_route=\/wp\/v2\/types\/post"}],"author":[{"embeddable":true,"href":"https:\/\/www.paparazzinews.com.br\/index.php?rest_route=\/wp\/v2\/users\/1"}],"replies":[{"embeddable":true,"href":"https:\/\/www.paparazzinews.com.br\/index.php?rest_route=%2Fwp%2Fv2%2Fcomments&post=6197"}],"version-history":[{"count":2,"href":"https:\/\/www.paparazzinews.com.br\/index.php?rest_route=\/wp\/v2\/posts\/6197\/revisions"}],"predecessor-version":[{"id":6200,"href":"https:\/\/www.paparazzinews.com.br\/index.php?rest_route=\/wp\/v2\/posts\/6197\/revisions\/6200"}],"wp:featuredmedia":[{"embeddable":true,"href":"https:\/\/www.paparazzinews.com.br\/index.php?rest_route=\/wp\/v2\/media\/6198"}],"wp:attachment":[{"href":"https:\/\/www.paparazzinews.com.br\/index.php?rest_route=%2Fwp%2Fv2%2Fmedia&parent=6197"}],"wp:term":[{"taxonomy":"category","embeddable":true,"href":"https:\/\/www.paparazzinews.com.br\/index.php?rest_route=%2Fwp%2Fv2%2Fcategories&post=6197"},{"taxonomy":"post_tag","embeddable":true,"href":"https:\/\/www.paparazzinews.com.br\/index.php?rest_route=%2Fwp%2Fv2%2Ftags&post=6197"}],"curies":[{"name":"wp","href":"https:\/\/api.w.org\/{rel}","templated":true}]}}