{"id":619,"date":"2022-09-06T15:58:25","date_gmt":"2022-09-06T18:58:25","guid":{"rendered":"https:\/\/www.paparazzinews.com.br\/?p=619"},"modified":"2022-09-06T15:58:27","modified_gmt":"2022-09-06T18:58:27","slug":"mario-celso-vai-manter-piso-de-enfermeiros","status":"publish","type":"post","link":"https:\/\/www.paparazzinews.com.br\/?p=619","title":{"rendered":"M\u00e1rio Celso vai manter piso de enfermeiros"},"content":{"rendered":"\n<p>O prefeito de Andradina, M\u00e1rio Celso Lopes, declarou esta manh\u00e3 (6) que vai manter o piso salarial dos enfermeiros e auxiliares de enfermagem a servi\u00e7o da Prefeitura de Andradina, indo contra a decis\u00e3o do ministro Lu\u00eds Roberto Barroso, do Supremo Tribunal Federal (STF), que suspendeu neste domingo (4) a lei aprovada pelo Congresso e sancionada pelo presidente Jair Bolsonaro e que cria o piso salarial da enfermagem.<\/p>\n\n\n\n<p>M\u00e1rio Celso decidiu que n\u00e3o vai esperar nenhuma decis\u00e3o e an\u00e1lise afirmando que a classe precisa ser, acima de tudo, reconhecida e valorizada.<\/p>\n\n\n\n<p>\u201cOs auxiliares de enfermagem e enfermeiros que foram beneficiados com o piso salarial recentemente aprovado em Bras\u00edlia podem ficar tranquilos. Aqui em Andradina vamos mante o pagamento do piso independentemente da decis\u00e3o do supremo\u201d, afirmou.<\/p>\n\n\n\n<p>M\u00e1rio Celso explicou que o aumento j\u00e1 est\u00e1 previsto no or\u00e7amento e reconhece o esfor\u00e7o desses profissionais da sa\u00fade que cuidaram muito bem da popula\u00e7\u00e3o durante o per\u00edodo da COVID 19;<\/p>\n\n\n\n<p>Lira e Pacheco defendem piso<br>Os presidentes da C\u00e2mara, Arthur Lira (PP-AL), e do Senado, Rodrigo Pacheco (PSD-MG), defenderam a lei aprovada pelo Congresso em mensagens publicadas nas redes sociais neste domingo.<\/p>\n\n\n\n<p>&#8220;N\u00e3o concordo com o m\u00e9rito em rela\u00e7\u00e3o ao piso salarial dos enfermeiros. S\u00e3o profissionais que t\u00eam direito ao piso e podem contar comigo para continuarmos na luta pela manuten\u00e7\u00e3o do que foi decidido em plen\u00e1rio&#8221;, escreveu Lira.<\/p>\n\n\n\n<p>Em uma sequ\u00eancia de posts, Pacheco disse que o piso salarial da enfermagem \u00e9 uma &#8220;medida justa destinada a um grupo de profissionais que se notabilizaram na pandemia e que t\u00eam suas remunera\u00e7\u00f5es absurdamente subestimadas no Brasil&#8221;.<\/p>\n\n\n\n<p>&#8220;Em nome do Parlamento, tratarei imediatamente dos caminhos e das solu\u00e7\u00f5es para a efetiva\u00e7\u00e3o do piso perante o STF, j\u00e1 que o tema foi judicializado e houve decis\u00e3o do eminente Ministro Lu\u00eds Roberto Barroso&#8221;, publicou Pacheco.<\/p>\n","protected":false},"excerpt":{"rendered":"<p>O prefeito de Andradina, M\u00e1rio Celso Lopes, declarou esta manh\u00e3 (6) que vai manter o piso salarial dos enfermeiros e auxiliares de enfermagem a servi\u00e7o da Prefeitura de Andradina, indo contra a decis\u00e3o do ministro Lu\u00eds Roberto Barroso, do Supremo Tribunal Federal (STF), que suspendeu neste domingo (4) a lei aprovada pelo Congresso e sancionada &hellip;<\/p>\n","protected":false},"author":1,"featured_media":620,"comment_status":"open","ping_status":"open","sticky":false,"template":"","format":"standard","meta":{"_jetpack_memberships_contains_paid_content":false,"footnotes":"","jetpack_publicize_message":"","jetpack_publicize_feature_enabled":true,"jetpack_social_post_already_shared":false,"jetpack_social_options":{"image_generator_settings":{"template":"highway","default_image_id":0,"enabled":false},"version":2}},"categories":[4],"tags":[],"class_list":["post-619","post","type-post","status-publish","format-standard","has-post-thumbnail","hentry","category-regiao"],"jetpack_publicize_connections":[],"jetpack_featured_media_url":"https:\/\/i0.wp.com\/www.paparazzinews.com.br\/wp-content\/uploads\/2022\/09\/8276879e-ccbe-4142-94c0-d24cc07bfce2-e1662490693142.jpg?fit=1000%2C666&ssl=1","views":"3445","jetpack_likes_enabled":true,"jetpack_sharing_enabled":true,"_links":{"self":[{"href":"https:\/\/www.paparazzinews.com.br\/index.php?rest_route=\/wp\/v2\/posts\/619","targetHints":{"allow":["GET"]}}],"collection":[{"href":"https:\/\/www.paparazzinews.com.br\/index.php?rest_route=\/wp\/v2\/posts"}],"about":[{"href":"https:\/\/www.paparazzinews.com.br\/index.php?rest_route=\/wp\/v2\/types\/post"}],"author":[{"embeddable":true,"href":"https:\/\/www.paparazzinews.com.br\/index.php?rest_route=\/wp\/v2\/users\/1"}],"replies":[{"embeddable":true,"href":"https:\/\/www.paparazzinews.com.br\/index.php?rest_route=%2Fwp%2Fv2%2Fcomments&post=619"}],"version-history":[{"count":1,"href":"https:\/\/www.paparazzinews.com.br\/index.php?rest_route=\/wp\/v2\/posts\/619\/revisions"}],"predecessor-version":[{"id":621,"href":"https:\/\/www.paparazzinews.com.br\/index.php?rest_route=\/wp\/v2\/posts\/619\/revisions\/621"}],"wp:featuredmedia":[{"embeddable":true,"href":"https:\/\/www.paparazzinews.com.br\/index.php?rest_route=\/wp\/v2\/media\/620"}],"wp:attachment":[{"href":"https:\/\/www.paparazzinews.com.br\/index.php?rest_route=%2Fwp%2Fv2%2Fmedia&parent=619"}],"wp:term":[{"taxonomy":"category","embeddable":true,"href":"https:\/\/www.paparazzinews.com.br\/index.php?rest_route=%2Fwp%2Fv2%2Fcategories&post=619"},{"taxonomy":"post_tag","embeddable":true,"href":"https:\/\/www.paparazzinews.com.br\/index.php?rest_route=%2Fwp%2Fv2%2Ftags&post=619"}],"curies":[{"name":"wp","href":"https:\/\/api.w.org\/{rel}","templated":true}]}}