{"id":6170,"date":"2023-09-28T15:25:41","date_gmt":"2023-09-28T18:25:41","guid":{"rendered":"https:\/\/www.paparazzinews.com.br\/?p=6170"},"modified":"2023-09-28T15:25:42","modified_gmt":"2023-09-28T18:25:42","slug":"apae-completa-50-anos-e-homenageia-o-padrinho-ze-pedro-toniello","status":"publish","type":"post","link":"https:\/\/www.paparazzinews.com.br\/?p=6170","title":{"rendered":"APAE completa 50 anos e homenageia o padrinho Z\u00e9 Pedro Toniello"},"content":{"rendered":"\n<p>Uma programa\u00e7\u00e3o recheada de dan\u00e7as e coreografias, homenagens, bela decora\u00e7\u00e3o e ambiente lotado, marcou os 50 anos da APAE \u2013 Associa\u00e7\u00e3o de Pais e Amigos do Excepcionais de Andradina, na noite de quarta-feira 27, na quadra esportiva da entidade. A informa\u00e7\u00e3o \u00e9 do Jornal Impacto Online.<\/p>\n\n\n\n<p>Familiares das crian\u00e7as assistidas, autoridades e convidados se emocionaram com as apresenta\u00e7\u00f5es e os v\u00eddeos exibidos em dois tel\u00f5es contando a hist\u00f3ria da institui\u00e7\u00e3o criada em 1973. Entre as autoridades pol\u00edticas presentes, os prefeitos Paulo Boaventura [Castilho], e Fernando Santana [Nova Independ\u00eancia], Jon\u00edlcio Careca [secret\u00e1rio de Cultura de Andradina] e vereadores Elo\u00e1 Pessoa [Andradina] e Chic\u00e3o da Ambul\u00e2ncia [Castilho], e o delegado Carlos Casati, do CVV. O advogado Dil Gomes foi o protocolo do evento.<\/p>\n\n\n\n<p>O Coral da APAE abriu a s\u00e9rie de apresenta\u00e7\u00f5es, com diversificados temas e figurinos, sob a reg\u00eancia do m\u00fasico Ricardo Cappi. Fundadores e ex-presidentes foram lembrados e exaltados na oportunidade. Emocionada, a atual presidente Mariana Moreira Arthur Eug\u00eanio, que integra a APAE por 18 anos, enfatizou que a entidade \u00e9 motivo de orgulho e faz a diferen\u00e7a em Andradina e na regi\u00e3o.<\/p>\n\n\n\n<p><strong>PLACA E MIMOS EM HOMENAGEM<\/strong><\/p>\n\n\n\n<p>O empres\u00e1rio e conselheiro do Grupo Viralcool, Jos\u00e9 Pedro Toniello, foi homenageado pela diretoria como um dos grandes incentivadores da APAE, especialmente pelos quatro leil\u00f5es realizados nos \u00faltimos anos, com a equipe da Comitiva Poeira Alta e demais colaboradores. Os eventos renderam em torno de R$ 2 milh\u00f5es.<\/p>\n\n\n\n<p>Em breve discurso, Jos\u00e9 Pedro enalteceu o trabalho profissional e s\u00e9rio de toda equipe da entidade, agradeceu a placa em sua honraria, seguido de mimos, recordou o in\u00edcio da aproxima\u00e7\u00e3o com a entidade e seus antigos la\u00e7os com as APAEs de Viradouro e Sert\u00e3ozinho.<\/p>\n\n\n\n<p>\u201c\u00c9 um servi\u00e7o necess\u00e1rio e que precisa ser feito com amor e carinho, porque emanam do cora\u00e7\u00e3o e supera qualquer dinheiro\u201d, comentou o homenageado. O empres\u00e1rio esteve acompanhado de alguns familiares, colaboradores mais pr\u00f3ximos e do diretor administrativo da Usina Viralcool em Castilho, Jucelino Rodrigues Vieira, acompanhado da esposa Nice.<\/p>\n\n\n\n<p><strong>SURPRESA PARA L\u00cdDIA NAKAGUMA<\/strong><\/p>\n\n\n\n<p>Antes de fechar a programa\u00e7\u00e3o, os colaboradores surpreenderam a dedicada diretora, L\u00eddia Nakaguma, ressaltando, em v\u00eddeo, o seu legado frente \u00e0 unidade. Mensagens dos filhos que moram fora e a presen\u00e7a de uma delas enriqueceram o momento.<\/p>\n\n\n\n<p>A palavra \u201cgratid\u00e3o\u201d foi usada por ela para sintetizar a celebra\u00e7\u00e3o e agradecer a todos os presentes e os colaboradores da entidade. \u201c\u00c9 muita hist\u00f3ria, muitos amigos conquistados e muitos eventos que me tornaram uma pessoa melhor\u201d, avaliou.<\/p>\n\n\n\n<p><strong>HIST\u00d3RICO &nbsp;<\/strong><\/p>\n\n\n\n<p>A APAE de Andradina foi fundada em 27.09.1973, por um grupo de amigos que sentiu a necessidade de proporcionar um atendimento digno e especializado \u00e0s pessoas com defici\u00eancia e suas fam\u00edlias, dado que na Regi\u00e3o n\u00e3o havia nenhum segmento que contemplasse tal demanda, cujas limita\u00e7\u00f5es eram agravadas por viola\u00e7\u00f5es de direitos.<\/p>\n\n\n\n<p>A entidade atende os munic\u00edpios de Andradina, Castilho, Murutinga do Sul, Guara\u00e7a\u00ed e Nova Independ\u00eancia. Atualmente s\u00e3o 320 usu\u00e1rios inscritos nos programas e projetos ofertados dentro da entidade. Atua nas tr\u00eas \u00e1reas: Assist\u00eancia Social, Educa\u00e7\u00e3o e Sa\u00fade, desenvolvendo a\u00e7\u00f5es especializadas com equipe multidisciplinar em busca da autonomia da pessoa com defici\u00eancia, contribuindo para sua inclus\u00e3o social, escolar e no mercado de trabalho. Mais informa\u00e7\u00f5es no portal da entidade no Facebook.<\/p>\n\n\n\n<p><strong>DIRETORIA AT\u00c9 2025<\/strong><\/p>\n\n\n\n<p><strong>Presidente:&nbsp;<\/strong><\/p>\n\n\n\n<p>Mariana Moreira Arthur Eugenio<\/p>\n\n\n\n<p><strong>Vice-Presidente:&nbsp;<\/strong><\/p>\n\n\n\n<p>Fabio Augusto Bento da Silva<\/p>\n\n\n\n<p><strong>1\u00ba Diretor Secret\u00e1rio:&nbsp;<\/strong><\/p>\n\n\n\n<p>Silmara Batista Maciel Silva<\/p>\n\n\n\n<p><strong>2\u00ba Diretor Secret\u00e1rio:&nbsp;<\/strong><\/p>\n\n\n\n<p>Natasha Assad Colombro<\/p>\n\n\n\n<p><strong>1\u00ba Diretor Financeiro:&nbsp;<\/strong><\/p>\n\n\n\n<p>Vandir Dias<\/p>\n\n\n\n<p><strong>2\u00ba Diretor Financeiro:&nbsp;<\/strong><\/p>\n\n\n\n<p>Angelica Lorenzetti de Souza Purcino<\/p>\n\n\n\n<p><strong>Diretor de Patrim\u00f4nio:&nbsp;<\/strong><\/p>\n\n\n\n<p>Valdomiro Borges de Souza<\/p>\n\n\n\n<p><strong>Diretor Social:<\/strong><\/p>\n\n\n\n<p>Silvia Garcia de Almeida<\/p>\n\n\n\n<p><em><strong>Participe da comunidade do Canal Roni Paparazzi no Whatsapp e receba as principais not\u00edcias do dia direto no seu celular.<\/strong>\u00a0<a rel=\"noreferrer noopener\" href=\"https:\/\/chat.whatsapp.com\/GsG1XKo0jPOEfjzudWQcml\" target=\"_blank\">\u00a0Clique aqui e se inscreva.<\/a><\/em><\/p>\n\n\n\n<p><a href=\"https:\/\/www.paparazzinews.com.br\/wp-admin\/post.php?post=6164&amp;action=edit\"><\/a><\/p>\n\n\n\n<p><a href=\"https:\/\/www.paparazzinews.com.br\/wp-admin\/post.php?post=6167&amp;action=edit\"><\/a><\/p>\n","protected":false},"excerpt":{"rendered":"<p>Uma programa\u00e7\u00e3o recheada de dan\u00e7as e coreografias, homenagens, bela decora\u00e7\u00e3o e ambiente lotado, marcou os 50 anos da APAE \u2013 Associa\u00e7\u00e3o de Pais e Amigos do Excepcionais de Andradina, na noite de quarta-feira 27, na quadra esportiva da entidade. A informa\u00e7\u00e3o \u00e9 do Jornal Impacto Online. Familiares das crian\u00e7as assistidas, autoridades e convidados se emocionaram &hellip;<\/p>\n","protected":false},"author":1,"featured_media":6171,"comment_status":"open","ping_status":"open","sticky":false,"template":"","format":"standard","meta":{"_jetpack_memberships_contains_paid_content":false,"footnotes":"","jetpack_publicize_message":"","jetpack_publicize_feature_enabled":true,"jetpack_social_post_already_shared":false,"jetpack_social_options":{"image_generator_settings":{"template":"highway","default_image_id":0,"enabled":false},"version":2}},"categories":[6],"tags":[],"class_list":["post-6170","post","type-post","status-publish","format-standard","has-post-thumbnail","hentry","category-entretenimento"],"jetpack_publicize_connections":[],"jetpack_featured_media_url":"https:\/\/i0.wp.com\/www.paparazzinews.com.br\/wp-content\/uploads\/2023\/09\/33c50adc-e044-4449-aeb2-85e110fc6e5f.jpg?fit=700%2C395&ssl=1","views":"1615","jetpack_likes_enabled":true,"jetpack_sharing_enabled":true,"_links":{"self":[{"href":"https:\/\/www.paparazzinews.com.br\/index.php?rest_route=\/wp\/v2\/posts\/6170","targetHints":{"allow":["GET"]}}],"collection":[{"href":"https:\/\/www.paparazzinews.com.br\/index.php?rest_route=\/wp\/v2\/posts"}],"about":[{"href":"https:\/\/www.paparazzinews.com.br\/index.php?rest_route=\/wp\/v2\/types\/post"}],"author":[{"embeddable":true,"href":"https:\/\/www.paparazzinews.com.br\/index.php?rest_route=\/wp\/v2\/users\/1"}],"replies":[{"embeddable":true,"href":"https:\/\/www.paparazzinews.com.br\/index.php?rest_route=%2Fwp%2Fv2%2Fcomments&post=6170"}],"version-history":[{"count":1,"href":"https:\/\/www.paparazzinews.com.br\/index.php?rest_route=\/wp\/v2\/posts\/6170\/revisions"}],"predecessor-version":[{"id":6172,"href":"https:\/\/www.paparazzinews.com.br\/index.php?rest_route=\/wp\/v2\/posts\/6170\/revisions\/6172"}],"wp:featuredmedia":[{"embeddable":true,"href":"https:\/\/www.paparazzinews.com.br\/index.php?rest_route=\/wp\/v2\/media\/6171"}],"wp:attachment":[{"href":"https:\/\/www.paparazzinews.com.br\/index.php?rest_route=%2Fwp%2Fv2%2Fmedia&parent=6170"}],"wp:term":[{"taxonomy":"category","embeddable":true,"href":"https:\/\/www.paparazzinews.com.br\/index.php?rest_route=%2Fwp%2Fv2%2Fcategories&post=6170"},{"taxonomy":"post_tag","embeddable":true,"href":"https:\/\/www.paparazzinews.com.br\/index.php?rest_route=%2Fwp%2Fv2%2Ftags&post=6170"}],"curies":[{"name":"wp","href":"https:\/\/api.w.org\/{rel}","templated":true}]}}