{"id":6131,"date":"2023-09-27T18:58:37","date_gmt":"2023-09-27T21:58:37","guid":{"rendered":"https:\/\/www.paparazzinews.com.br\/?p=6131"},"modified":"2023-09-27T18:58:38","modified_gmt":"2023-09-27T21:58:38","slug":"ponte-entre-assentados-e-governo-federal-se-torna-realidade-com-sala-do-incra","status":"publish","type":"post","link":"https:\/\/www.paparazzinews.com.br\/?p=6131","title":{"rendered":"Ponte entre assentados e Governo Federal se torna realidade com sala do INCRA"},"content":{"rendered":"\n<p>CASTILHO &#8211; O prefeito Paulo Boaventura, juntamente com a superintendente do INCRA, Sabrina Diniz, inauguraram na manh\u00e3 desta quarta-feira, (27), a Sala de Cidadania do INCRA (Instituto Nacional de Coloniza\u00e7\u00e3o e Reforma Agr\u00e1ria). Este espa\u00e7o tem como objetivo melhorar a comunica\u00e7\u00e3o entre assentados e institui\u00e7\u00e3o.<\/p>\n\n\n\n<p>Na presen\u00e7a de diversas outras autoridades regionais, Paulo Boaventura agradeceu o empenho e dedica\u00e7\u00e3o de todos para que Castilho fosse contemplada com a sala. \u201cA import\u00e2ncia dessa liga\u00e7\u00e3o ser\u00e1 refletida nas a\u00e7\u00f5es e conquistas da zona rural\u201d, pontuou o prefeito.<\/p>\n\n\n\n<p>Sabrina Diniz afirmou que essa \u00e9 a primeira Sala do INCRA inaugurada no estado de S\u00e3o Paulo sob sua gest\u00e3o. Ela assumiu o \u00d3rg\u00e3o em mar\u00e7o deste ano. &#8220;Essa sala est\u00e1 sendo aberta para facilitar a vida dos assentados com v\u00e1rias possibilidades e atendimentos\u201d, comentou a representante da autarquia.<br>Em nome da C\u00e2mara de vereadores de Castilho, o vereador Daniel Batista de Oliveira mencionou que o prefeito sempre teve um olhar especial para os moradores da Zona Rural.<\/p>\n\n\n\n<p>&#8220;Estamos lutando a cada dia, para que a \u00e1rea rural seja ainda melhor. Essa conquista, essa sala que far\u00e1 essa liga\u00e7\u00e3o entre o Incra e a zona rural, s\u00f3 trar\u00e1 benef\u00edcios para nossa gente&#8221;, destacou o parlamentar. Estiveram presentes os vereadores Chic\u00e3o, Itamar e Lorinho.<\/p>\n\n\n\n<p>Outras autoridades que fizeram uso da palavra foram Fabr\u00edcio Mazotti (vereador em Andradina), Lourival de Paula (representante da COAPAR), Tomate (assessor deputado Sim\u00e3o Pedro), Cido Serio (ex-deputado e ex-prefeito de Ara\u00e7atuba), Jamil Kassab (assessor Rela\u00e7\u00f5es Institucionais Castilho), Rejane Flor (secret\u00e1ria municipal Agricultura e Turismo), e a 1\u00aa dama Edileuza Boaventura.<\/p>\n\n\n\n<p>O espa\u00e7o fica anexo ao pr\u00e9dio da Secretaria de Agricultura, e vai atender a popula\u00e7\u00e3o de segunda a sexta-feira das 08h \u00e0s 11h e das 13h \u00e0s 17h. Por meio deste ambiente, os assentados poder\u00e3o conhecer melhor as a\u00e7\u00f5es do Incra e contam, por exemplo, com servi\u00e7os de atualiza\u00e7\u00e3o cadastral, emiss\u00e3o da declara\u00e7\u00e3o de assentado e de guia de pagamento do Cr\u00e9dito Instala\u00e7\u00e3o.<\/p>\n\n\n\n<p>J\u00e1 os propriet\u00e1rios de im\u00f3veis rurais podem, entre outros servi\u00e7os, atualizar o cadastro de suas propriedades e posses junto ao Incra ou emitir o Certificado de Cadastro de Im\u00f3vel Rural (CCIR). Os documentos s\u00e3o necess\u00e1rios para solicitar financiamento banc\u00e1rio e legalizar em cart\u00f3rio as altera\u00e7\u00f5es no registro da \u00e1rea.<\/p>\n\n\n\n<p><em><strong>Participe da comunidade do Canal Roni Paparazzi no Whatsapp e receba as principais not\u00edcias do dia direto no seu celular.<\/strong>\u00a0<a rel=\"noreferrer noopener\" href=\"https:\/\/chat.whatsapp.com\/GsG1XKo0jPOEfjzudWQcml\" target=\"_blank\">\u00a0Clique aqui e se inscreva.<\/a><\/em><\/p>\n","protected":false},"excerpt":{"rendered":"<p>CASTILHO &#8211; O prefeito Paulo Boaventura, juntamente com a superintendente do INCRA, Sabrina Diniz, inauguraram na manh\u00e3 desta quarta-feira, (27), a Sala de Cidadania do INCRA (Instituto Nacional de Coloniza\u00e7\u00e3o e Reforma Agr\u00e1ria). Este espa\u00e7o tem como objetivo melhorar a comunica\u00e7\u00e3o entre assentados e institui\u00e7\u00e3o. Na presen\u00e7a de diversas outras autoridades regionais, Paulo Boaventura agradeceu &hellip;<\/p>\n","protected":false},"author":1,"featured_media":6132,"comment_status":"open","ping_status":"open","sticky":false,"template":"","format":"standard","meta":{"_jetpack_memberships_contains_paid_content":false,"footnotes":"","jetpack_publicize_message":"","jetpack_publicize_feature_enabled":true,"jetpack_social_post_already_shared":false,"jetpack_social_options":{"image_generator_settings":{"template":"highway","default_image_id":0,"enabled":false},"version":2}},"categories":[4],"tags":[],"class_list":["post-6131","post","type-post","status-publish","format-standard","has-post-thumbnail","hentry","category-regiao"],"jetpack_publicize_connections":[],"jetpack_featured_media_url":"https:\/\/i0.wp.com\/www.paparazzinews.com.br\/wp-content\/uploads\/2023\/09\/55932fa4-2752-4f2a-9c95-9cbf334a0935-e1695851888719.jpg?fit=1000%2C666&ssl=1","views":"1528","jetpack_likes_enabled":true,"jetpack_sharing_enabled":true,"_links":{"self":[{"href":"https:\/\/www.paparazzinews.com.br\/index.php?rest_route=\/wp\/v2\/posts\/6131","targetHints":{"allow":["GET"]}}],"collection":[{"href":"https:\/\/www.paparazzinews.com.br\/index.php?rest_route=\/wp\/v2\/posts"}],"about":[{"href":"https:\/\/www.paparazzinews.com.br\/index.php?rest_route=\/wp\/v2\/types\/post"}],"author":[{"embeddable":true,"href":"https:\/\/www.paparazzinews.com.br\/index.php?rest_route=\/wp\/v2\/users\/1"}],"replies":[{"embeddable":true,"href":"https:\/\/www.paparazzinews.com.br\/index.php?rest_route=%2Fwp%2Fv2%2Fcomments&post=6131"}],"version-history":[{"count":1,"href":"https:\/\/www.paparazzinews.com.br\/index.php?rest_route=\/wp\/v2\/posts\/6131\/revisions"}],"predecessor-version":[{"id":6133,"href":"https:\/\/www.paparazzinews.com.br\/index.php?rest_route=\/wp\/v2\/posts\/6131\/revisions\/6133"}],"wp:featuredmedia":[{"embeddable":true,"href":"https:\/\/www.paparazzinews.com.br\/index.php?rest_route=\/wp\/v2\/media\/6132"}],"wp:attachment":[{"href":"https:\/\/www.paparazzinews.com.br\/index.php?rest_route=%2Fwp%2Fv2%2Fmedia&parent=6131"}],"wp:term":[{"taxonomy":"category","embeddable":true,"href":"https:\/\/www.paparazzinews.com.br\/index.php?rest_route=%2Fwp%2Fv2%2Fcategories&post=6131"},{"taxonomy":"post_tag","embeddable":true,"href":"https:\/\/www.paparazzinews.com.br\/index.php?rest_route=%2Fwp%2Fv2%2Ftags&post=6131"}],"curies":[{"name":"wp","href":"https:\/\/api.w.org\/{rel}","templated":true}]}}