{"id":613,"date":"2022-09-06T15:48:43","date_gmt":"2022-09-06T18:48:43","guid":{"rendered":"https:\/\/www.paparazzinews.com.br\/?p=613"},"modified":"2022-09-06T15:48:45","modified_gmt":"2022-09-06T18:48:45","slug":"campanha-da-poliomelite-e-prorrogada","status":"publish","type":"post","link":"https:\/\/www.paparazzinews.com.br\/?p=613","title":{"rendered":"Campanha da poliomelite \u00e9 prorrogada"},"content":{"rendered":"\n<p>O\u00a0<a href=\"https:\/\/g1.globo.com\/tudo-sobre\/ministerio-da-saude\/\">Minist\u00e9rio da Sa\u00fade<\/a>\u00a0vai prorrogar a<a href=\"https:\/\/g1.globo.com\/saude\/noticia\/2022\/08\/08\/governo-da-inicio-a-campanha-nacional-para-vacinar-criancas-e-adolescentes-contra-polio-e-outras-doencas.ghtml\">\u00a0campanha de vacina\u00e7\u00e3o contra a poliomielite\u00a0<\/a><strong>at\u00e9 30 de setembro\u00a0<\/strong>diante da ainda baixa cobertura vacinal contra a doen\u00e7a. O prazo inicial da campanha que come\u00e7ou em 8 de agosto era at\u00e9 esta sexta-feira (9).<\/p>\n\n\n\n<p>At\u00e9 o momento, segundo dados do Minist\u00e9rio, 34% do p\u00fablico-alvo de 1 a 4 anos tomou a vacina que previne contra a paralisia infantil. A meta do Minist\u00e9rio \u00e9 vacinar 95% do p\u00fablico-alvo de 14,3 milh\u00f5es de pessoas.<\/p>\n\n\n\n<p>A campanha nacional contra a p\u00f3lio busca alcan\u00e7ar\u00a0crian\u00e7as menores de 5 anos que ainda n\u00e3o foram vacinadas com as primeiras doses\u00a0do imunizante (que \u00e9 aplicado as 2, 4 e 6 meses de idade, via inje\u00e7\u00e3o intramuscular) e incentivar a aplica\u00e7\u00e3o da dose de refor\u00e7o, que acontece por meio da conhecida gotinha.<\/p>\n\n\n\n<p>O\u00a0Minist\u00e9rio prorrogou tamb\u00e9m a campanha de multivacina\u00e7\u00e3o, que acontece de maneira concomitante \u00e0 da poliomielite. A campanha busca incentivar a atualiza\u00e7\u00e3o de caderneta de vacina\u00e7\u00e3o das crian\u00e7as pelos respons\u00e1veis. Est\u00e3o dispon\u00edveis 18 vacinas que comp\u00f5em o calend\u00e1rio nacional de vacina\u00e7\u00e3o.<\/p>\n\n\n\n<p>A doen\u00e7a, tamb\u00e9m chamada de paralisia infantil, tem certificado de erradica\u00e7\u00e3o no pa\u00eds desde 1994, mas a baixa cobertura vacinal nos \u00faltimos anos preocupa especialistas.<\/p>\n\n\n\n<p>A prefeitura de Rorain\u00f3polis, em Roraima,&nbsp;<a href=\"https:\/\/g1.globo.com\/rr\/roraima\/noticia\/2022\/08\/30\/rorainopolis-investiga-caso-suspeito-de-poliomielite.ghtml\">investiga um caso suspeito da doen\u00e7a<\/a>.<\/p>\n","protected":false},"excerpt":{"rendered":"<p>O\u00a0Minist\u00e9rio da Sa\u00fade\u00a0vai prorrogar a\u00a0campanha de vacina\u00e7\u00e3o contra a poliomielite\u00a0at\u00e9 30 de setembro\u00a0diante da ainda baixa cobertura vacinal contra a doen\u00e7a. O prazo inicial da campanha que come\u00e7ou em 8 de agosto era at\u00e9 esta sexta-feira (9). At\u00e9 o momento, segundo dados do Minist\u00e9rio, 34% do p\u00fablico-alvo de 1 a 4 anos tomou a vacina &hellip;<\/p>\n","protected":false},"author":1,"featured_media":614,"comment_status":"open","ping_status":"open","sticky":false,"template":"","format":"standard","meta":{"_jetpack_memberships_contains_paid_content":false,"footnotes":"","jetpack_publicize_message":"","jetpack_publicize_feature_enabled":true,"jetpack_social_post_already_shared":false,"jetpack_social_options":{"image_generator_settings":{"template":"highway","default_image_id":0,"enabled":false},"version":2}},"categories":[4],"tags":[],"class_list":["post-613","post","type-post","status-publish","format-standard","has-post-thumbnail","hentry","category-regiao"],"jetpack_publicize_connections":[],"jetpack_featured_media_url":"https:\/\/i0.wp.com\/www.paparazzinews.com.br\/wp-content\/uploads\/2022\/09\/935950-vacinacao-rj0010-e1662489314753.jpg?fit=1000%2C598&ssl=1","views":"3278","jetpack_likes_enabled":true,"jetpack_sharing_enabled":true,"_links":{"self":[{"href":"https:\/\/www.paparazzinews.com.br\/index.php?rest_route=\/wp\/v2\/posts\/613","targetHints":{"allow":["GET"]}}],"collection":[{"href":"https:\/\/www.paparazzinews.com.br\/index.php?rest_route=\/wp\/v2\/posts"}],"about":[{"href":"https:\/\/www.paparazzinews.com.br\/index.php?rest_route=\/wp\/v2\/types\/post"}],"author":[{"embeddable":true,"href":"https:\/\/www.paparazzinews.com.br\/index.php?rest_route=\/wp\/v2\/users\/1"}],"replies":[{"embeddable":true,"href":"https:\/\/www.paparazzinews.com.br\/index.php?rest_route=%2Fwp%2Fv2%2Fcomments&post=613"}],"version-history":[{"count":1,"href":"https:\/\/www.paparazzinews.com.br\/index.php?rest_route=\/wp\/v2\/posts\/613\/revisions"}],"predecessor-version":[{"id":615,"href":"https:\/\/www.paparazzinews.com.br\/index.php?rest_route=\/wp\/v2\/posts\/613\/revisions\/615"}],"wp:featuredmedia":[{"embeddable":true,"href":"https:\/\/www.paparazzinews.com.br\/index.php?rest_route=\/wp\/v2\/media\/614"}],"wp:attachment":[{"href":"https:\/\/www.paparazzinews.com.br\/index.php?rest_route=%2Fwp%2Fv2%2Fmedia&parent=613"}],"wp:term":[{"taxonomy":"category","embeddable":true,"href":"https:\/\/www.paparazzinews.com.br\/index.php?rest_route=%2Fwp%2Fv2%2Fcategories&post=613"},{"taxonomy":"post_tag","embeddable":true,"href":"https:\/\/www.paparazzinews.com.br\/index.php?rest_route=%2Fwp%2Fv2%2Ftags&post=613"}],"curies":[{"name":"wp","href":"https:\/\/api.w.org\/{rel}","templated":true}]}}