{"id":610,"date":"2022-09-06T14:15:17","date_gmt":"2022-09-06T17:15:17","guid":{"rendered":"https:\/\/www.paparazzinews.com.br\/?p=610"},"modified":"2022-09-06T14:15:19","modified_gmt":"2022-09-06T17:15:19","slug":"promover-a-educacao-para-desenvolver-o-respeito","status":"publish","type":"post","link":"https:\/\/www.paparazzinews.com.br\/?p=610","title":{"rendered":"<strong>Promover a educa\u00e7\u00e3o para desenvolver o respeito&nbsp;<\/strong>"},"content":{"rendered":"\n<p>Pesquisa recente, realizada pela primeira vez sobre Orienta\u00e7\u00e3o Sexual Autoidentificada pelo Instituto Brasileiro de Geografia e Estat\u00edstica (IBGE), indica que 2,9 milh\u00f5es de pessoas, de 18 anos ou mais, se autodeclaram l\u00e9sbicas, gays ou bissexuais, no Brasil. Mas os autores do estudo admitem que pode ter havido subnotifica\u00e7\u00e3o por conta do preconceito, da intoler\u00e2ncia e da viol\u00eancia que atinge essa popula\u00e7\u00e3o, fazendo com que as pessoas n\u00e3o se sintam seguras para declarar a pr\u00f3pria orienta\u00e7\u00e3o sexual.&nbsp;<\/p>\n\n\n\n<p>Embora n\u00e3o haja dados oficiais espec\u00edficos sobre esse tipo de crime no Brasil, \u00e9 vis\u00edvel o aumento de mortes e agress\u00f5es contra LGBTQIA+. Estudo internacional da Transgender Europe (TGEU) aponta que o Brasil \u00e9 o pa\u00eds onde mais se matam pessoas trans e travestis no mundo, por exemplo \u2013 e ocupa essa triste posi\u00e7\u00e3o h\u00e1 13 anos seguidos. Informa\u00e7\u00f5es como essa ajudam a entender os motivos da subnotifica\u00e7\u00e3o.&nbsp;<\/p>\n\n\n\n<p>Na Secretaria da Justi\u00e7a e Cidadania (SJC), as den\u00fancias de discrimina\u00e7\u00e3o em raz\u00e3o da orienta\u00e7\u00e3o sexual e\/ou identidade de g\u00eanero tiveram um aumento de 75% este ano. Foram 168 casos, no primeiro semestre de 2022, ante 96 no mesmo per\u00edodo de 2021. Um n\u00famero pr\u00f3ximo do total dos 12 meses de 2020 (94 casos), de 2019 (100) e 2018 (98).&nbsp;<\/p>\n\n\n\n<p>Esse grande aumento \u00e9 resultado, principalmente, do investimento, nos \u00faltimos anos, na ampla divulga\u00e7\u00e3o desse importante canal de den\u00fancia oferecido pela Coordena\u00e7\u00e3o de Pol\u00edticas para a Diversidade Sexual (CPDS), da Secretaria da Justi\u00e7a e Cidadania. A CPDS, al\u00e9m do recebimento de den\u00fancias e instaura\u00e7\u00e3o de processos administrativos, realiza um trabalho \u00e1rduo de combate \u00e0 LGBTfobia e de a\u00e7\u00f5es educativas contra a intoler\u00e2ncia. S\u00e3o palestras de conscientiza\u00e7\u00e3o, capacita\u00e7\u00f5es, distribui\u00e7\u00e3o de cartilhas e muitas outras atividades.&nbsp; Com certeza, \u00e9 promovendo a educa\u00e7\u00e3o que se desenvolve o respeito.&nbsp;<\/p>\n\n\n\n<p>O Estado de S\u00e3o Paulo sempre foi inovador na ado\u00e7\u00e3o de pol\u00edticas p\u00fablicas de enfrentamento \u00e0 LGBTfobia. Um dos passos mais relevantes foi a Lei Estadual n\u00ba 10.948, de 2001, que pune administrativamente a discrimina\u00e7\u00e3o em raz\u00e3o de orienta\u00e7\u00e3o sexual e\/ou identidade de g\u00eanero, e j\u00e1 serviu de modelo a outros estados brasileiros.&nbsp;&nbsp;<\/p>\n\n\n\n<p>De 2002 at\u00e9 julho de 2022, j\u00e1 foram instaurados 513 processos administrativos baseados nessa lei, que resultaram em 154 casos de advert\u00eancia e 36, em aplica\u00e7\u00e3o de multas, entre R$ 31.970,00 e R$ 95.910,00. Os valores das multas podem, por\u00e9m, ser elevados em at\u00e9 dez vezes quando for verificado que, em raz\u00e3o do porte do estabelecimento, resultar\u00e3o in\u00f3cuos. \u202f\u202f&nbsp;&nbsp;<\/p>\n\n\n\n<p>As reponsabilidades da CPDS se expandem ainda pelo Conselho Estadual LGBT, formado paritariamente por representantes da sociedade civil e do poder p\u00fablico, e pelo Comit\u00ea Intersecretarial de Defesa da Diversidade Sexual.&nbsp;S\u00e3o duas frentes importantes de a\u00e7\u00e3o. S\u00f3 investindo em informa\u00e7\u00e3o e educa\u00e7\u00e3o para a toler\u00e2ncia vamos mudar essa realidade de viol\u00eancia e discrimina\u00e7\u00e3o contra a popula\u00e7\u00e3o LGBTQIA+.&nbsp;&nbsp;<\/p>\n\n\n\n<p><em>Fernando Jos\u00e9 da Costa \u00e9 advogado criminalista, professor universit\u00e1rio, autor de v\u00e1rios livros, Secret\u00e1rio de Estado da Justi\u00e7a e Cidadania de S\u00e3o Paulo, Presidente da Funda\u00e7\u00e3o CASA (Centro de Atendimento Socioeducativo ao Adolescente) e Superintendente do Imesc (Instituto de Medicina e Criminologia do Estado de S\u00e3o Paulo<\/em>)&nbsp;<\/p>\n","protected":false},"excerpt":{"rendered":"<p>Pesquisa recente, realizada pela primeira vez sobre Orienta\u00e7\u00e3o Sexual Autoidentificada pelo Instituto Brasileiro de Geografia e Estat\u00edstica (IBGE), indica que 2,9 milh\u00f5es de pessoas, de 18 anos ou mais, se autodeclaram l\u00e9sbicas, gays ou bissexuais, no Brasil. Mas os autores do estudo admitem que pode ter havido subnotifica\u00e7\u00e3o por conta do preconceito, da intoler\u00e2ncia e &hellip;<\/p>\n","protected":false},"author":1,"featured_media":611,"comment_status":"open","ping_status":"open","sticky":false,"template":"","format":"standard","meta":{"_jetpack_memberships_contains_paid_content":false,"footnotes":"","jetpack_publicize_message":"","jetpack_publicize_feature_enabled":true,"jetpack_social_post_already_shared":false,"jetpack_social_options":{"image_generator_settings":{"template":"highway","default_image_id":0,"enabled":false},"version":2}},"categories":[4],"tags":[],"class_list":["post-610","post","type-post","status-publish","format-standard","has-post-thumbnail","hentry","category-regiao"],"jetpack_publicize_connections":[],"jetpack_featured_media_url":"https:\/\/i0.wp.com\/www.paparazzinews.com.br\/wp-content\/uploads\/2022\/09\/FJC_Divulgacao02.jpeg?fit=682%2C1024&ssl=1","views":"3276","jetpack_likes_enabled":true,"jetpack_sharing_enabled":true,"_links":{"self":[{"href":"https:\/\/www.paparazzinews.com.br\/index.php?rest_route=\/wp\/v2\/posts\/610","targetHints":{"allow":["GET"]}}],"collection":[{"href":"https:\/\/www.paparazzinews.com.br\/index.php?rest_route=\/wp\/v2\/posts"}],"about":[{"href":"https:\/\/www.paparazzinews.com.br\/index.php?rest_route=\/wp\/v2\/types\/post"}],"author":[{"embeddable":true,"href":"https:\/\/www.paparazzinews.com.br\/index.php?rest_route=\/wp\/v2\/users\/1"}],"replies":[{"embeddable":true,"href":"https:\/\/www.paparazzinews.com.br\/index.php?rest_route=%2Fwp%2Fv2%2Fcomments&post=610"}],"version-history":[{"count":1,"href":"https:\/\/www.paparazzinews.com.br\/index.php?rest_route=\/wp\/v2\/posts\/610\/revisions"}],"predecessor-version":[{"id":612,"href":"https:\/\/www.paparazzinews.com.br\/index.php?rest_route=\/wp\/v2\/posts\/610\/revisions\/612"}],"wp:featuredmedia":[{"embeddable":true,"href":"https:\/\/www.paparazzinews.com.br\/index.php?rest_route=\/wp\/v2\/media\/611"}],"wp:attachment":[{"href":"https:\/\/www.paparazzinews.com.br\/index.php?rest_route=%2Fwp%2Fv2%2Fmedia&parent=610"}],"wp:term":[{"taxonomy":"category","embeddable":true,"href":"https:\/\/www.paparazzinews.com.br\/index.php?rest_route=%2Fwp%2Fv2%2Fcategories&post=610"},{"taxonomy":"post_tag","embeddable":true,"href":"https:\/\/www.paparazzinews.com.br\/index.php?rest_route=%2Fwp%2Fv2%2Ftags&post=610"}],"curies":[{"name":"wp","href":"https:\/\/api.w.org\/{rel}","templated":true}]}}