{"id":61,"date":"2022-06-20T17:10:40","date_gmt":"2022-06-20T20:10:40","guid":{"rendered":"https:\/\/www.paparazzinews.com.br\/?p=61"},"modified":"2022-06-20T17:10:42","modified_gmt":"2022-06-20T20:10:42","slug":"programa-de-recomposicao-da-aprendizagem-se-torna-sucesso-em-castilho","status":"publish","type":"post","link":"https:\/\/www.paparazzinews.com.br\/?p=61","title":{"rendered":"Programa  de Recomposi\u00e7\u00e3o da Aprendizagem se torna sucesso em Castilho"},"content":{"rendered":"\n<p>Nem mesmo o clima chuvoso, frio e com leve garoa deste \u00faltimo s\u00e1bado (18) conseguiu impedir que os alunos participantes do Programa Municipal de Recomposi\u00e7\u00e3o da Aprendizagem, comparecessem ao Centro Integrado de Educa\u00e7\u00e3o e Cultura para participar das aulas.<\/p>\n\n\n\n<p>De acordo com a secret\u00e1ria Silv\u00e2nia Cintra, apenas duas aus\u00eancias foram anotadas durante todo o per\u00edodo:<\/p>\n\n\n\n<blockquote class=\"wp-block-quote is-layout-flow wp-block-quote-is-layout-flow\"><p>\u201c<em><strong>Nossos alunos est\u00e3o empolgados com o novo sistema de aprendizagem apoiada na inform\u00e1tica. Quando o professor Cleiton anuncia o final da aula, a maioria deles lamenta que j\u00e1 tenha terminado. Isso \u00e9 muito gratificante, pois o rendimento deles tamb\u00e9m tem se mostrado acima das expectativas<\/strong><\/em>\u201d, afirmou.<\/p><\/blockquote>\n\n\n\n<p><strong>P\u00daBLICO<\/strong>&nbsp;&#8211; O novo programa re\u00fane 04 turmas compostas por 20 alunos cada. Todos eles foram selecionados entre estudantes do 5\u00ba ano das escolas municipais de ensino fundamental (EMEFs) Dr. Youssef Neif Kassab, Dijanira Bozzo Jorge e Professor Mauro Roberto Manoel, que demonstraram grau consider\u00e1vel de dificuldade no aprendizado de Matem\u00e1tica e L\u00edngua Portuguesa.<\/p>\n\n\n\n<p>No total, eles participar\u00e3o de 25 encontros aos s\u00e1bados, na nova sala de Tecnologias constru\u00edda em parceria firmada entre a Secretaria Municipal de Educa\u00e7\u00e3o e a empresa Mercury Renew.<\/p>\n\n\n\n<p>Al\u00e9m do aprendizado utilizando a tecnologia, os alunos tamb\u00e9m recebem lanche antes de retornarem aos seus lares.<\/p>\n\n\n\n<p><strong>\u00c1REA RURAL<\/strong>&nbsp;\u2013 Silv\u00e2nia Cintra tamb\u00e9m antecipou que a equipe pedag\u00f3gica da Secretaria de Educa\u00e7\u00e3o est\u00e1 finalizando os detalhes para os alunos que estudam na \u00e1rea rural do munic\u00edpio tamb\u00e9m possam participar deste novo programa de recomposi\u00e7\u00e3o da aprendizagem:<\/p>\n\n\n\n<blockquote class=\"wp-block-quote is-layout-flow wp-block-quote-is-layout-flow\"><p>\u201c<em><strong>O Prefeito Paulo Boaventura tem dado total apoio aos programas criados para melhorar a qualidade da Educa\u00e7\u00e3o em nosso munic\u00edpio. Uma das prioridades de seu Governo, \u00e9 que a inclus\u00e3o digital tamb\u00e9m atinja os nossos alunos que residem e frequentam as escolas que mantemos na \u00e1rea rural e j\u00e1 estamos nos ajustes finais para que isso aconte\u00e7a o mais breve poss\u00edvel<\/strong><\/em>\u201d, pontuou a secret\u00e1ria.<\/p><\/blockquote>\n","protected":false},"excerpt":{"rendered":"<p>Nem mesmo o clima chuvoso, frio e com leve garoa deste \u00faltimo s\u00e1bado (18) conseguiu impedir que os alunos participantes do Programa Municipal de Recomposi\u00e7\u00e3o da Aprendizagem, comparecessem ao Centro Integrado de Educa\u00e7\u00e3o e Cultura para participar das aulas. De acordo com a secret\u00e1ria Silv\u00e2nia Cintra, apenas duas aus\u00eancias foram anotadas durante todo o per\u00edodo: &hellip;<\/p>\n","protected":false},"author":1,"featured_media":62,"comment_status":"open","ping_status":"open","sticky":false,"template":"","format":"standard","meta":{"_jetpack_memberships_contains_paid_content":false,"footnotes":"","jetpack_publicize_message":"","jetpack_publicize_feature_enabled":true,"jetpack_social_post_already_shared":false,"jetpack_social_options":{"image_generator_settings":{"template":"highway","default_image_id":0,"enabled":false},"version":2}},"categories":[4],"tags":[],"class_list":["post-61","post","type-post","status-publish","format-standard","has-post-thumbnail","hentry","category-regiao"],"jetpack_publicize_connections":[],"jetpack_featured_media_url":"https:\/\/i0.wp.com\/www.paparazzinews.com.br\/wp-content\/uploads\/2022\/06\/e2e007a6385fa3f331e6eef740fb5268.jpg?fit=800%2C360&ssl=1","views":"3505","jetpack_likes_enabled":true,"jetpack_sharing_enabled":true,"_links":{"self":[{"href":"https:\/\/www.paparazzinews.com.br\/index.php?rest_route=\/wp\/v2\/posts\/61","targetHints":{"allow":["GET"]}}],"collection":[{"href":"https:\/\/www.paparazzinews.com.br\/index.php?rest_route=\/wp\/v2\/posts"}],"about":[{"href":"https:\/\/www.paparazzinews.com.br\/index.php?rest_route=\/wp\/v2\/types\/post"}],"author":[{"embeddable":true,"href":"https:\/\/www.paparazzinews.com.br\/index.php?rest_route=\/wp\/v2\/users\/1"}],"replies":[{"embeddable":true,"href":"https:\/\/www.paparazzinews.com.br\/index.php?rest_route=%2Fwp%2Fv2%2Fcomments&post=61"}],"version-history":[{"count":1,"href":"https:\/\/www.paparazzinews.com.br\/index.php?rest_route=\/wp\/v2\/posts\/61\/revisions"}],"predecessor-version":[{"id":63,"href":"https:\/\/www.paparazzinews.com.br\/index.php?rest_route=\/wp\/v2\/posts\/61\/revisions\/63"}],"wp:featuredmedia":[{"embeddable":true,"href":"https:\/\/www.paparazzinews.com.br\/index.php?rest_route=\/wp\/v2\/media\/62"}],"wp:attachment":[{"href":"https:\/\/www.paparazzinews.com.br\/index.php?rest_route=%2Fwp%2Fv2%2Fmedia&parent=61"}],"wp:term":[{"taxonomy":"category","embeddable":true,"href":"https:\/\/www.paparazzinews.com.br\/index.php?rest_route=%2Fwp%2Fv2%2Fcategories&post=61"},{"taxonomy":"post_tag","embeddable":true,"href":"https:\/\/www.paparazzinews.com.br\/index.php?rest_route=%2Fwp%2Fv2%2Ftags&post=61"}],"curies":[{"name":"wp","href":"https:\/\/api.w.org\/{rel}","templated":true}]}}