{"id":6008,"date":"2023-09-25T15:40:13","date_gmt":"2023-09-25T18:40:13","guid":{"rendered":"https:\/\/www.paparazzinews.com.br\/?p=6008"},"modified":"2023-09-25T15:40:15","modified_gmt":"2023-09-25T18:40:15","slug":"traficante-de-33-anos-tem-casa-das-drogas-descoberta-e-pistola-380-apreendida","status":"publish","type":"post","link":"https:\/\/www.paparazzinews.com.br\/?p=6008","title":{"rendered":"Traficante de 33 anos tem casa das drogas descoberta e pistola 380 apreendida"},"content":{"rendered":"\n<p>\u00c1gua Clara \u2013 MS, no dia 23 de setembro sexta-feira, os policiais militares do 3\u00ba Pelot\u00e3o (\u00c1gua Clara) da 2\u00aa Cia do 2\u00ba Batalh\u00e3o de Pol\u00edcia Militar foram solicitados pela equipe da Se\u00e7\u00e3o de Investiga\u00e7\u00f5es Gerais (S.I.G), da Delegacia de \u00c1gua Clara para realizar abordagem policial de um condutor de ve\u00edculo suspeito de tr\u00e1fico de drogas, se iniciando o acompanhamento t\u00e1tico que logrou \u00eaxito na abordagem do suspeito em a\u00e7\u00e3o conjunta.<\/p>\n\n\n\n<p>Durante o acompanhamento os policiais visualizaram quando o condutor lan\u00e7ou para fora do ve\u00edculo um inv\u00f3lucro, que foi apreendido e localizado em seu interior 13 pinos de coca\u00edna, sendo localizado ainda com o passageiro do ve\u00edculo outro pino de coca\u00edna que afirmou ter adquirido do condutor.<\/p>\n\n\n\n<p>Em dilig\u00eancias os policiais deslocaram na resid\u00eancia do condutor onde segundo informes o im\u00f3vel servia como dep\u00f3sito das drogas, arma e muni\u00e7\u00f5es, localizando um tablete com 316 gramas de coca\u00edna; 27 pinos da mesma droga; R$ 7.390,00, oriundo da venda de entorpecentes; 2 balan\u00e7as de precis\u00e3o; 1 r\u00e1dio comunicador; uma arma de fogo, tipo pistola, de calibre 380 e em um cofre oculto atr\u00e1s de uma tomada 15 muni\u00e7\u00f5es de calibre 380.<\/p>\n\n\n\n<p>Ap\u00f3s ser dada voz de pris\u00e3o ao indiv\u00edduo de 33 anos, foi realizado sua condu\u00e7\u00e3o at\u00e9 a Delegacia de Pol\u00edcia onde foi lavrado o auto de pris\u00e3o em flagrante.<\/p>\n\n\n\n<p><em><strong>Participe da comunidade do Canal Roni Paparazzi no Whatsapp e receba as principais not\u00edcias do dia direto no seu celular.<\/strong>\u00a0<a rel=\"noreferrer noopener\" href=\"https:\/\/chat.whatsapp.com\/GsG1XKo0jPOEfjzudWQcml\" target=\"_blank\">\u00a0Clique aqui e se inscreva.<\/a><\/em><\/p>\n","protected":false},"excerpt":{"rendered":"<p>\u00c1gua Clara \u2013 MS, no dia 23 de setembro sexta-feira, os policiais militares do 3\u00ba Pelot\u00e3o (\u00c1gua Clara) da 2\u00aa Cia do 2\u00ba Batalh\u00e3o de Pol\u00edcia Militar foram solicitados pela equipe da Se\u00e7\u00e3o de Investiga\u00e7\u00f5es Gerais (S.I.G), da Delegacia de \u00c1gua Clara para realizar abordagem policial de um condutor de ve\u00edculo suspeito de tr\u00e1fico de &hellip;<\/p>\n","protected":false},"author":1,"featured_media":6009,"comment_status":"open","ping_status":"open","sticky":false,"template":"","format":"standard","meta":{"_jetpack_memberships_contains_paid_content":false,"footnotes":"","jetpack_publicize_message":"","jetpack_publicize_feature_enabled":true,"jetpack_social_post_already_shared":false,"jetpack_social_options":{"image_generator_settings":{"template":"highway","default_image_id":0,"enabled":false},"version":2}},"categories":[3],"tags":[],"class_list":["post-6008","post","type-post","status-publish","format-standard","has-post-thumbnail","hentry","category-policial"],"jetpack_publicize_connections":[],"jetpack_featured_media_url":"https:\/\/i0.wp.com\/www.paparazzinews.com.br\/wp-content\/uploads\/2023\/09\/Snapinsta.app_382573789_709769554530041_2552505891430947201_n_1080.jpg?fit=1080%2C566&ssl=1","views":"3019","jetpack_likes_enabled":true,"jetpack_sharing_enabled":true,"_links":{"self":[{"href":"https:\/\/www.paparazzinews.com.br\/index.php?rest_route=\/wp\/v2\/posts\/6008","targetHints":{"allow":["GET"]}}],"collection":[{"href":"https:\/\/www.paparazzinews.com.br\/index.php?rest_route=\/wp\/v2\/posts"}],"about":[{"href":"https:\/\/www.paparazzinews.com.br\/index.php?rest_route=\/wp\/v2\/types\/post"}],"author":[{"embeddable":true,"href":"https:\/\/www.paparazzinews.com.br\/index.php?rest_route=\/wp\/v2\/users\/1"}],"replies":[{"embeddable":true,"href":"https:\/\/www.paparazzinews.com.br\/index.php?rest_route=%2Fwp%2Fv2%2Fcomments&post=6008"}],"version-history":[{"count":1,"href":"https:\/\/www.paparazzinews.com.br\/index.php?rest_route=\/wp\/v2\/posts\/6008\/revisions"}],"predecessor-version":[{"id":6010,"href":"https:\/\/www.paparazzinews.com.br\/index.php?rest_route=\/wp\/v2\/posts\/6008\/revisions\/6010"}],"wp:featuredmedia":[{"embeddable":true,"href":"https:\/\/www.paparazzinews.com.br\/index.php?rest_route=\/wp\/v2\/media\/6009"}],"wp:attachment":[{"href":"https:\/\/www.paparazzinews.com.br\/index.php?rest_route=%2Fwp%2Fv2%2Fmedia&parent=6008"}],"wp:term":[{"taxonomy":"category","embeddable":true,"href":"https:\/\/www.paparazzinews.com.br\/index.php?rest_route=%2Fwp%2Fv2%2Fcategories&post=6008"},{"taxonomy":"post_tag","embeddable":true,"href":"https:\/\/www.paparazzinews.com.br\/index.php?rest_route=%2Fwp%2Fv2%2Ftags&post=6008"}],"curies":[{"name":"wp","href":"https:\/\/api.w.org\/{rel}","templated":true}]}}