{"id":5989,"date":"2023-09-25T15:19:55","date_gmt":"2023-09-25T18:19:55","guid":{"rendered":"https:\/\/www.paparazzinews.com.br\/?p=5989"},"modified":"2023-09-25T15:19:56","modified_gmt":"2023-09-25T18:19:56","slug":"homem-e-assassinado-por-duas-armas-de-fogo-durante-comemoracao-do-sao-paulo","status":"publish","type":"post","link":"https:\/\/www.paparazzinews.com.br\/?p=5989","title":{"rendered":"Homem \u00e9 assassinado por duas armas de fogo durante comemora\u00e7\u00e3o do S\u00e3o Paulo"},"content":{"rendered":"\n<p>A Delegacia de Homic\u00eddios da Divis\u00e3o Especializada em Investiga\u00e7\u00f5es Criminais (DEIC) de S\u00e3o Jos\u00e9 do Rio Preto, no interior paulista, vai investigar o homic\u00eddio de um homem de 27 anos durante a comemora\u00e7\u00e3o da vit\u00f3ria do S\u00e3o Paulo Futebol Clube ap\u00f3s a vit\u00f3ria da Copa do Brasil. O crime foi registrado ontem (24\/9), no bairro Eldorado, na regi\u00e3o norte da cidade. A informa\u00e7\u00e3o \u00e9 do Estad\u00e3o.<\/p>\n\n\n\n<p>Segundo informa\u00e7\u00f5es do boletim de ocorr\u00eancia, Valdir Feitoza de Almeida, que faria anivers\u00e1rio em outubro, foi alvejado e morreu no local. Houve tumulto e v\u00e1rios torcedores correram pelas ruas. A Pol\u00edcia Militar encontrou dois fragmentos de proj\u00e9teis de muni\u00e7\u00f5es diferentes perto do corpo dele \u2013 o que indica que a v\u00edtima teria sido baleada por duas armas distintas, ou seja, supostamente por dois suspeitos.<\/p>\n\n\n\n<p>O&nbsp;<strong>sbtinterior.com<\/strong>&nbsp;teve acesso a \u00e1udios de pessoas que presenciaram o crime, enviados pelo Whatsapp. Em uma das mensagens, a testemunha afirma que um desentendimento teria acontecido ainda no primeiro tempo do jogo. O suspeito teria sido agredido com capacitadas, depois ele voltou e ap\u00f3s o t\u00e9rmino do jogo, atirou na v\u00edtima com uma arma calibre 12 e fugiu. Um outro suspeito tamb\u00e9m teria feito um disparo.<\/p>\n\n\n\n<p>J\u00e1 no segundo \u00e1udio, outra&nbsp;testemunha diz que a confus\u00e3o aconteceu porque os envolvidos acreditavam que suas motos seriam roubadas por outro grupo. Esta testemunha tamb\u00e9m afirmou que um dos suspeitos voltou armado com \u201cuma 12\u201d e atirou na v\u00edtima. &#8220;A\u00ed o moleque tombou&#8221;, disse.&nbsp;<\/p>\n\n\n\n<p><strong><em><strong>Participe da comunidade do Canal Roni Paparazzi no Whatsapp e receba as principais not\u00edcias do dia direto no seu celular.<\/strong>\u00a0<a rel=\"noreferrer noopener\" href=\"https:\/\/chat.whatsapp.com\/GsG1XKo0jPOEfjzudWQcml\" target=\"_blank\">\u00a0Clique aqui e se inscreva.<\/a><\/em><\/strong><\/p>\n","protected":false},"excerpt":{"rendered":"<p>A Delegacia de Homic\u00eddios da Divis\u00e3o Especializada em Investiga\u00e7\u00f5es Criminais (DEIC) de S\u00e3o Jos\u00e9 do Rio Preto, no interior paulista, vai investigar o homic\u00eddio de um homem de 27 anos durante a comemora\u00e7\u00e3o da vit\u00f3ria do S\u00e3o Paulo Futebol Clube ap\u00f3s a vit\u00f3ria da Copa do Brasil. O crime foi registrado ontem (24\/9), no bairro &hellip;<\/p>\n","protected":false},"author":1,"featured_media":5990,"comment_status":"open","ping_status":"open","sticky":false,"template":"","format":"standard","meta":{"_jetpack_memberships_contains_paid_content":false,"footnotes":"","jetpack_publicize_message":"","jetpack_publicize_feature_enabled":true,"jetpack_social_post_already_shared":false,"jetpack_social_options":{"image_generator_settings":{"template":"highway","default_image_id":0,"enabled":false},"version":2}},"categories":[3],"tags":[],"class_list":["post-5989","post","type-post","status-publish","format-standard","has-post-thumbnail","hentry","category-policial"],"jetpack_publicize_connections":[],"jetpack_featured_media_url":"https:\/\/i0.wp.com\/www.paparazzinews.com.br\/wp-content\/uploads\/2023\/09\/homem-morre-baleado-em-comemoracao-da-torcida-organizada-do-spfc-em-rio-preto-veja-video-250923_093615.jpg?fit=596%2C533&ssl=1","views":"1651","jetpack_likes_enabled":true,"jetpack_sharing_enabled":true,"_links":{"self":[{"href":"https:\/\/www.paparazzinews.com.br\/index.php?rest_route=\/wp\/v2\/posts\/5989","targetHints":{"allow":["GET"]}}],"collection":[{"href":"https:\/\/www.paparazzinews.com.br\/index.php?rest_route=\/wp\/v2\/posts"}],"about":[{"href":"https:\/\/www.paparazzinews.com.br\/index.php?rest_route=\/wp\/v2\/types\/post"}],"author":[{"embeddable":true,"href":"https:\/\/www.paparazzinews.com.br\/index.php?rest_route=\/wp\/v2\/users\/1"}],"replies":[{"embeddable":true,"href":"https:\/\/www.paparazzinews.com.br\/index.php?rest_route=%2Fwp%2Fv2%2Fcomments&post=5989"}],"version-history":[{"count":1,"href":"https:\/\/www.paparazzinews.com.br\/index.php?rest_route=\/wp\/v2\/posts\/5989\/revisions"}],"predecessor-version":[{"id":5991,"href":"https:\/\/www.paparazzinews.com.br\/index.php?rest_route=\/wp\/v2\/posts\/5989\/revisions\/5991"}],"wp:featuredmedia":[{"embeddable":true,"href":"https:\/\/www.paparazzinews.com.br\/index.php?rest_route=\/wp\/v2\/media\/5990"}],"wp:attachment":[{"href":"https:\/\/www.paparazzinews.com.br\/index.php?rest_route=%2Fwp%2Fv2%2Fmedia&parent=5989"}],"wp:term":[{"taxonomy":"category","embeddable":true,"href":"https:\/\/www.paparazzinews.com.br\/index.php?rest_route=%2Fwp%2Fv2%2Fcategories&post=5989"},{"taxonomy":"post_tag","embeddable":true,"href":"https:\/\/www.paparazzinews.com.br\/index.php?rest_route=%2Fwp%2Fv2%2Ftags&post=5989"}],"curies":[{"name":"wp","href":"https:\/\/api.w.org\/{rel}","templated":true}]}}