{"id":5983,"date":"2023-09-25T15:10:16","date_gmt":"2023-09-25T18:10:16","guid":{"rendered":"https:\/\/www.paparazzinews.com.br\/?p=5983"},"modified":"2023-09-25T15:10:19","modified_gmt":"2023-09-25T18:10:19","slug":"calor-extremo-consumo-de-energia-deve-ter-maior-crescimento-dos-ultimos-meses","status":"publish","type":"post","link":"https:\/\/www.paparazzinews.com.br\/?p=5983","title":{"rendered":"Calor extremo: consumo de energia deve ter maior crescimento dos \u00faltimos meses"},"content":{"rendered":"\n<p>As altas temperaturas que t\u00eam afetado diversas regi\u00f5es brasileiras ter\u00e3o efeito direto no consumo de energia el\u00e9trica no Pa\u00eds, conforme estima o Operador Nacional do Sistema El\u00e9trico (ONS). A proje\u00e7\u00e3o para o m\u00eas de setembro \u00e9 de crescimento de 5,8%, com altas em todas as regi\u00f5es, de acordo com um boletim divulgado pelo \u00f3rg\u00e3o. A informa\u00e7\u00e3o \u00e9 do Estad\u00e3o.<\/p>\n\n\n\n<p>A perspectiva de crescimento nos submercados \u00e9 mais expressiva no Norte, com 10,6%. A \u00e1rea entre Sudeste e Centro-Oeste deve registrar avan\u00e7o de 6,1%, seguido pelo Nordeste, com 4,2%. O Sul, que vem enfrentando um per\u00edodo de fortes chuvas, fica em \u00faltimo lugar, com 3,8%. Os percentuais comparam os resultados para o final de setembro de 2023, ante o mesmo per\u00edodo do ano passado.<\/p>\n\n\n\n<p>&#8220;A previs\u00e3o de crescimento da carga para setembro \u00e9 a maior dos \u00faltimos meses, reflexo do calor mais intenso e tamb\u00e9m de uma economia mais aquecida&#8221;, afirma Luiz Carlos Ciocchi, diretor-geral do ONS.<\/p>\n\n\n\n<p>A cidade de S\u00e3o Paulo registrou neste s\u00e1bado, 23, novo recorde de temperatura m\u00e1xima em 2023. De acordo com o Instituto Nacional de Meteorologia (Inmet), os term\u00f4metros marcaram 34,8\u00baC \u00e0s 16h, que superou os 34,7\u00baC registrados na \u00faltima sexta-feira, 22, na capital paulista. Essa foi a quarta quebra de recordes de calor em apenas dez dias Nove Estados est\u00e3o, at\u00e9 as 18h deste domingo, 24, sob alerta vermelho de grande perigo com riscos \u00e0 sa\u00fade.<\/p>\n\n\n\n<p>O boletim ainda traz an\u00e1lises sobre a Energia Armazenada (EAR), indicando a estimativa de que continue acima de 70% em tr\u00eas submercados para o fim deste m\u00eas. O dado \u00e9 significativo visto que o per\u00edodo tipicamente seco est\u00e1 pr\u00f3ximo do encerramento. A EAR mais elevada deve ser verificada no Sul (85,2%), seguida de Norte (73,7%), Sudeste\/Centro-Oeste (72,6%) e Nordeste (67,2%).<\/p>\n\n\n\n<p><strong><em><strong>Participe da comunidade do Canal Roni Paparazzi no Whatsapp e receba as principais not\u00edcias do dia direto no seu celular.<\/strong>&nbsp;<a rel=\"noreferrer noopener\" href=\"https:\/\/chat.whatsapp.com\/GsG1XKo0jPOEfjzudWQcml\" target=\"_blank\">&nbsp;Clique aqui e se inscreva.<\/a><\/em><\/strong><\/p>\n","protected":false},"excerpt":{"rendered":"<p>As altas temperaturas que t\u00eam afetado diversas regi\u00f5es brasileiras ter\u00e3o efeito direto no consumo de energia el\u00e9trica no Pa\u00eds, conforme estima o Operador Nacional do Sistema El\u00e9trico (ONS). A proje\u00e7\u00e3o para o m\u00eas de setembro \u00e9 de crescimento de 5,8%, com altas em todas as regi\u00f5es, de acordo com um boletim divulgado pelo \u00f3rg\u00e3o. A &hellip;<\/p>\n","protected":false},"author":1,"featured_media":5984,"comment_status":"open","ping_status":"open","sticky":false,"template":"","format":"standard","meta":{"_jetpack_memberships_contains_paid_content":false,"footnotes":"","jetpack_publicize_message":"","jetpack_publicize_feature_enabled":true,"jetpack_social_post_already_shared":false,"jetpack_social_options":{"image_generator_settings":{"template":"highway","default_image_id":0,"enabled":false},"version":2}},"categories":[4],"tags":[],"class_list":["post-5983","post","type-post","status-publish","format-standard","has-post-thumbnail","hentry","category-regiao"],"jetpack_publicize_connections":[],"jetpack_featured_media_url":"https:\/\/i0.wp.com\/www.paparazzinews.com.br\/wp-content\/uploads\/2023\/09\/calor-extremo-consumo-de-energia-deve-ter-maior-crescimento-dos-ultimos-meses-250923_114934.jpg?fit=619%2C400&ssl=1","views":"1265","jetpack_likes_enabled":true,"jetpack_sharing_enabled":true,"_links":{"self":[{"href":"https:\/\/www.paparazzinews.com.br\/index.php?rest_route=\/wp\/v2\/posts\/5983","targetHints":{"allow":["GET"]}}],"collection":[{"href":"https:\/\/www.paparazzinews.com.br\/index.php?rest_route=\/wp\/v2\/posts"}],"about":[{"href":"https:\/\/www.paparazzinews.com.br\/index.php?rest_route=\/wp\/v2\/types\/post"}],"author":[{"embeddable":true,"href":"https:\/\/www.paparazzinews.com.br\/index.php?rest_route=\/wp\/v2\/users\/1"}],"replies":[{"embeddable":true,"href":"https:\/\/www.paparazzinews.com.br\/index.php?rest_route=%2Fwp%2Fv2%2Fcomments&post=5983"}],"version-history":[{"count":1,"href":"https:\/\/www.paparazzinews.com.br\/index.php?rest_route=\/wp\/v2\/posts\/5983\/revisions"}],"predecessor-version":[{"id":5985,"href":"https:\/\/www.paparazzinews.com.br\/index.php?rest_route=\/wp\/v2\/posts\/5983\/revisions\/5985"}],"wp:featuredmedia":[{"embeddable":true,"href":"https:\/\/www.paparazzinews.com.br\/index.php?rest_route=\/wp\/v2\/media\/5984"}],"wp:attachment":[{"href":"https:\/\/www.paparazzinews.com.br\/index.php?rest_route=%2Fwp%2Fv2%2Fmedia&parent=5983"}],"wp:term":[{"taxonomy":"category","embeddable":true,"href":"https:\/\/www.paparazzinews.com.br\/index.php?rest_route=%2Fwp%2Fv2%2Fcategories&post=5983"},{"taxonomy":"post_tag","embeddable":true,"href":"https:\/\/www.paparazzinews.com.br\/index.php?rest_route=%2Fwp%2Fv2%2Ftags&post=5983"}],"curies":[{"name":"wp","href":"https:\/\/api.w.org\/{rel}","templated":true}]}}