{"id":5949,"date":"2023-09-22T15:10:49","date_gmt":"2023-09-22T18:10:49","guid":{"rendered":"https:\/\/www.paparazzinews.com.br\/?p=5949"},"modified":"2023-09-22T15:10:50","modified_gmt":"2023-09-22T18:10:50","slug":"forca-tatica-prende-comprador-que-estava-com-ladrao-de-joias-que-invadiu-casa-de-pecuarista","status":"publish","type":"post","link":"https:\/\/www.paparazzinews.com.br\/?p=5949","title":{"rendered":"For\u00e7a T\u00e1tica prende comprador que estava com ladr\u00e3o de j\u00f3ias que invadiu casa de pecuarista"},"content":{"rendered":"\n<p>No in\u00edcio da noite desta quinta-feira, dia 21, duas equipes de For\u00e7a T\u00e1tica, em patrulhamento por Pereira Barreto, tomaram conhecimento de furto em resid\u00eancia por Sud Mennucci, de onde foram subtra\u00eddas diversas joias, avaliadas em 20 mil reais, rel\u00f3gios de pulso, avaliados em cinco mil reais e duas chaves de ve\u00edculos importados, avaliadas em 10 mil reais cada.<\/p>\n\n\n\n<p>Prontamente iniciaram dilig\u00eancias pelo munic\u00edpio e rodovias adjacentes quando, logo depois, pelo bairro Urubupung\u00e1, em Pereira Barreto, avistaram um ve\u00edculo Honda Civic, ocupado por duas pessoas do sexo masculino. Na tentativa de abordagem, este tentou se evadir, tendo o passageiro arremessado objetos pela janela do carro.<\/p>\n\n\n\n<p>Acompanhados e abordados, foram encontradas com os indiv\u00edduos algumas joias. Entrevistados, um deles admitiu o furto. Ao verificarem o que havia sido arremessado, foram encontradas no telhado de uma casa, as duas chaves dos ve\u00edculos.<\/p>\n\n\n\n<p>Diante dos fatos foi dada voz de pris\u00e3o \u00e0 ambos, por furto qualificado e recepta\u00e7\u00e3o. J\u00e1 no DP, em tratativas com a advogada dos presos, esta fez a entrega de quase a totalidade das joias que haviam sido furtadas. Os produtos, avaliados em torno de 45 mil reais, foram restitu\u00eddos \u00e0 v\u00edtima.<\/p>\n\n\n\n<p>O delegado plantonista ratificou a voz de pris\u00e3o por furto a um dos conduzidos, 21 anos, morador de Bandeirantes D\u2019 Oeste, com passagens criminais por roubo, porte de arma, furto e tr\u00e1fico, o encaminhando \u00e0 carceragem, enquanto o segundo conduzido, 33 anos, morador de Pereira Barreto, com passagens criminais por tr\u00e1fico e associa\u00e7\u00e3o ao tr\u00e1fico, propriet\u00e1rio do ve\u00edculo, foi autuado por recepta\u00e7\u00e3o, sendo liberado ap\u00f3s pagar fian\u00e7a de R$ 2 mil reais.<\/p>\n\n\n\n<p><strong><em><strong>Participe da comunidade do Canal Roni Paparazzi no Whatsapp e receba as principais not\u00edcias do dia direto no seu celular.<\/strong>\u00a0<a rel=\"noreferrer noopener\" href=\"https:\/\/chat.whatsapp.com\/GsG1XKo0jPOEfjzudWQcml\" target=\"_blank\">\u00a0Clique aqui e se inscreva.<\/a><\/em><\/strong><\/p>\n","protected":false},"excerpt":{"rendered":"<p>No in\u00edcio da noite desta quinta-feira, dia 21, duas equipes de For\u00e7a T\u00e1tica, em patrulhamento por Pereira Barreto, tomaram conhecimento de furto em resid\u00eancia por Sud Mennucci, de onde foram subtra\u00eddas diversas joias, avaliadas em 20 mil reais, rel\u00f3gios de pulso, avaliados em cinco mil reais e duas chaves de ve\u00edculos importados, avaliadas em 10 &hellip;<\/p>\n","protected":false},"author":1,"featured_media":5950,"comment_status":"open","ping_status":"open","sticky":false,"template":"","format":"standard","meta":{"_jetpack_memberships_contains_paid_content":false,"footnotes":"","jetpack_publicize_message":"","jetpack_publicize_feature_enabled":true,"jetpack_social_post_already_shared":false,"jetpack_social_options":{"image_generator_settings":{"template":"highway","default_image_id":0,"enabled":false},"version":2}},"categories":[3],"tags":[],"class_list":["post-5949","post","type-post","status-publish","format-standard","has-post-thumbnail","hentry","category-policial"],"jetpack_publicize_connections":[],"jetpack_featured_media_url":"https:\/\/i0.wp.com\/www.paparazzinews.com.br\/wp-content\/uploads\/2023\/09\/KJ.jpg?fit=1000%2C400&ssl=1","views":"1506","jetpack_likes_enabled":true,"jetpack_sharing_enabled":true,"_links":{"self":[{"href":"https:\/\/www.paparazzinews.com.br\/index.php?rest_route=\/wp\/v2\/posts\/5949","targetHints":{"allow":["GET"]}}],"collection":[{"href":"https:\/\/www.paparazzinews.com.br\/index.php?rest_route=\/wp\/v2\/posts"}],"about":[{"href":"https:\/\/www.paparazzinews.com.br\/index.php?rest_route=\/wp\/v2\/types\/post"}],"author":[{"embeddable":true,"href":"https:\/\/www.paparazzinews.com.br\/index.php?rest_route=\/wp\/v2\/users\/1"}],"replies":[{"embeddable":true,"href":"https:\/\/www.paparazzinews.com.br\/index.php?rest_route=%2Fwp%2Fv2%2Fcomments&post=5949"}],"version-history":[{"count":1,"href":"https:\/\/www.paparazzinews.com.br\/index.php?rest_route=\/wp\/v2\/posts\/5949\/revisions"}],"predecessor-version":[{"id":5951,"href":"https:\/\/www.paparazzinews.com.br\/index.php?rest_route=\/wp\/v2\/posts\/5949\/revisions\/5951"}],"wp:featuredmedia":[{"embeddable":true,"href":"https:\/\/www.paparazzinews.com.br\/index.php?rest_route=\/wp\/v2\/media\/5950"}],"wp:attachment":[{"href":"https:\/\/www.paparazzinews.com.br\/index.php?rest_route=%2Fwp%2Fv2%2Fmedia&parent=5949"}],"wp:term":[{"taxonomy":"category","embeddable":true,"href":"https:\/\/www.paparazzinews.com.br\/index.php?rest_route=%2Fwp%2Fv2%2Fcategories&post=5949"},{"taxonomy":"post_tag","embeddable":true,"href":"https:\/\/www.paparazzinews.com.br\/index.php?rest_route=%2Fwp%2Fv2%2Ftags&post=5949"}],"curies":[{"name":"wp","href":"https:\/\/api.w.org\/{rel}","templated":true}]}}