{"id":5942,"date":"2023-09-22T14:53:42","date_gmt":"2023-09-22T17:53:42","guid":{"rendered":"https:\/\/www.paparazzinews.com.br\/?p=5942"},"modified":"2023-09-22T14:53:43","modified_gmt":"2023-09-22T17:53:43","slug":"presidiario-de-33-anos-que-nao-regressou-da-saidinha-e-recapturado-fugindo-para-moto-taxi","status":"publish","type":"post","link":"https:\/\/www.paparazzinews.com.br\/?p=5942","title":{"rendered":"Presidi\u00e1rio de 33 anos que n\u00e3o regressou da saidinha \u00e9 recapturado fugindo para moto t\u00e1xi"},"content":{"rendered":"\n<p>Na manh\u00e3 desta quinta-feira, dia 21, policiais militares de Mirand\u00f3polis, em patrulhamento preventivo pela \u00e1rea central daquela cidade, avistaram indiv\u00edduo, de 33 anos, na via p\u00fablica, j\u00e1 conhecido pela equipe como presidi\u00e1rio, que foi beneficiado pela sa\u00edda tempor\u00e1ria e n\u00e3o retornou na data estipulada e que, ao avistar a viatura, mudou bruscamente o sentido que transitava, dirigindo-se aceleradamente a um ponto de moto t\u00e1xi, sendo prontamente abordado.<\/p>\n\n\n\n<p>Em pesquisas, confirmaram que ele cumpria pena na penitenci\u00e1ria Nestor Canoa, no regime semiaberto, que havia sido beneficiado pela sa\u00edda tempor\u00e1ria e n\u00e3o havia retornado na data estipulada, sendo considerado como \u201cevadido do sistema prisional\u201d.<\/p>\n\n\n\n<p>O indiv\u00edduo foi encaminhado ao DP local para o registro dos fatos e posteriormente recolhido na citada penitenci\u00e1ria.<\/p>\n\n\n\n<p><strong><em><strong>Participe da comunidade do Canal Roni Paparazzi no Whatsapp e receba as principais not\u00edcias do dia direto no seu celular.<\/strong>\u00a0<a rel=\"noreferrer noopener\" href=\"https:\/\/chat.whatsapp.com\/GsG1XKo0jPOEfjzudWQcml\" target=\"_blank\">\u00a0Clique aqui e se inscreva.<\/a><\/em><\/strong><\/p>\n","protected":false},"excerpt":{"rendered":"<p>Na manh\u00e3 desta quinta-feira, dia 21, policiais militares de Mirand\u00f3polis, em patrulhamento preventivo pela \u00e1rea central daquela cidade, avistaram indiv\u00edduo, de 33 anos, na via p\u00fablica, j\u00e1 conhecido pela equipe como presidi\u00e1rio, que foi beneficiado pela sa\u00edda tempor\u00e1ria e n\u00e3o retornou na data estipulada e que, ao avistar a viatura, mudou bruscamente o sentido que &hellip;<\/p>\n","protected":false},"author":1,"featured_media":5943,"comment_status":"open","ping_status":"open","sticky":false,"template":"","format":"standard","meta":{"_jetpack_memberships_contains_paid_content":false,"footnotes":"","jetpack_publicize_message":"","jetpack_publicize_feature_enabled":true,"jetpack_social_post_already_shared":false,"jetpack_social_options":{"image_generator_settings":{"template":"highway","default_image_id":0,"enabled":false},"version":2}},"categories":[3],"tags":[],"class_list":["post-5942","post","type-post","status-publish","format-standard","has-post-thumbnail","hentry","category-policial"],"jetpack_publicize_connections":[],"jetpack_featured_media_url":"https:\/\/i0.wp.com\/www.paparazzinews.com.br\/wp-content\/uploads\/2023\/09\/Mirandopolis.jpg?fit=800%2C533&ssl=1","views":"1434","jetpack_likes_enabled":true,"jetpack_sharing_enabled":true,"_links":{"self":[{"href":"https:\/\/www.paparazzinews.com.br\/index.php?rest_route=\/wp\/v2\/posts\/5942","targetHints":{"allow":["GET"]}}],"collection":[{"href":"https:\/\/www.paparazzinews.com.br\/index.php?rest_route=\/wp\/v2\/posts"}],"about":[{"href":"https:\/\/www.paparazzinews.com.br\/index.php?rest_route=\/wp\/v2\/types\/post"}],"author":[{"embeddable":true,"href":"https:\/\/www.paparazzinews.com.br\/index.php?rest_route=\/wp\/v2\/users\/1"}],"replies":[{"embeddable":true,"href":"https:\/\/www.paparazzinews.com.br\/index.php?rest_route=%2Fwp%2Fv2%2Fcomments&post=5942"}],"version-history":[{"count":1,"href":"https:\/\/www.paparazzinews.com.br\/index.php?rest_route=\/wp\/v2\/posts\/5942\/revisions"}],"predecessor-version":[{"id":5944,"href":"https:\/\/www.paparazzinews.com.br\/index.php?rest_route=\/wp\/v2\/posts\/5942\/revisions\/5944"}],"wp:featuredmedia":[{"embeddable":true,"href":"https:\/\/www.paparazzinews.com.br\/index.php?rest_route=\/wp\/v2\/media\/5943"}],"wp:attachment":[{"href":"https:\/\/www.paparazzinews.com.br\/index.php?rest_route=%2Fwp%2Fv2%2Fmedia&parent=5942"}],"wp:term":[{"taxonomy":"category","embeddable":true,"href":"https:\/\/www.paparazzinews.com.br\/index.php?rest_route=%2Fwp%2Fv2%2Fcategories&post=5942"},{"taxonomy":"post_tag","embeddable":true,"href":"https:\/\/www.paparazzinews.com.br\/index.php?rest_route=%2Fwp%2Fv2%2Ftags&post=5942"}],"curies":[{"name":"wp","href":"https:\/\/api.w.org\/{rel}","templated":true}]}}