{"id":588,"date":"2022-09-05T17:04:12","date_gmt":"2022-09-05T20:04:12","guid":{"rendered":"https:\/\/www.paparazzinews.com.br\/?p=588"},"modified":"2022-09-05T17:04:13","modified_gmt":"2022-09-05T20:04:13","slug":"escola-de-andradina-faz-exposicao-do-folclore","status":"publish","type":"post","link":"https:\/\/www.paparazzinews.com.br\/?p=588","title":{"rendered":"Escola de Andradina faz exposi\u00e7\u00e3o do Folclore"},"content":{"rendered":"\n<p>Em comemora\u00e7\u00e3o ao m\u00eas do Folclore (agosto) foi realizada a exposi\u00e7\u00e3o &#8220;Diversidade do Folclore&#8221; na EMEF Leonor Salom\u00e3o de Andradina.<\/p>\n\n\n\n<p>A atividade foi idealizada pelas professoras Iris e Regina junto aos alunos dos 4\u00b0 anos A e B, PAEs Diordimix e Maira e equipe gestora da EMEF.<\/p>\n\n\n\n<p>Durante o m\u00eas de agosto toda a Rede Municipal de Ensino foi envolvida em atividades art\u00edsticas e did\u00e1ticas para celebrar o folclore brasileiro junto aos mais de 5 mil alunos.<\/p>\n\n\n\n<p>\u201cA atividade teve como objetivo proporcionar aos alunos conhecimento sobre a nossa hist\u00f3ria por meio da intera\u00e7\u00e3o com objetos antigos, personagens caracter\u00edsticos, g\u00eaneros textuais pr\u00f3prios da cultura brasileira criando e resgatando mem\u00f3rias\u201d, disse o subsecret\u00e1rio da Educa\u00e7\u00e3o Kleberson Santos.<\/p>\n","protected":false},"excerpt":{"rendered":"<p>Em comemora\u00e7\u00e3o ao m\u00eas do Folclore (agosto) foi realizada a exposi\u00e7\u00e3o &#8220;Diversidade do Folclore&#8221; na EMEF Leonor Salom\u00e3o de Andradina. A atividade foi idealizada pelas professoras Iris e Regina junto aos alunos dos 4\u00b0 anos A e B, PAEs Diordimix e Maira e equipe gestora da EMEF. Durante o m\u00eas de agosto toda a Rede &hellip;<\/p>\n","protected":false},"author":1,"featured_media":589,"comment_status":"open","ping_status":"open","sticky":false,"template":"","format":"standard","meta":{"_jetpack_memberships_contains_paid_content":false,"footnotes":"","jetpack_publicize_message":"","jetpack_publicize_feature_enabled":true,"jetpack_social_post_already_shared":false,"jetpack_social_options":{"image_generator_settings":{"template":"highway","default_image_id":0,"enabled":false},"version":2}},"categories":[4],"tags":[],"class_list":["post-588","post","type-post","status-publish","format-standard","has-post-thumbnail","hentry","category-regiao"],"jetpack_publicize_connections":[],"jetpack_featured_media_url":"https:\/\/i0.wp.com\/www.paparazzinews.com.br\/wp-content\/uploads\/2022\/09\/0009f5e3-4782-4136-abb3-033af3a0eeda-e1662408244187.jpg?fit=1000%2C750&ssl=1","views":"3430","jetpack_likes_enabled":true,"jetpack_sharing_enabled":true,"_links":{"self":[{"href":"https:\/\/www.paparazzinews.com.br\/index.php?rest_route=\/wp\/v2\/posts\/588","targetHints":{"allow":["GET"]}}],"collection":[{"href":"https:\/\/www.paparazzinews.com.br\/index.php?rest_route=\/wp\/v2\/posts"}],"about":[{"href":"https:\/\/www.paparazzinews.com.br\/index.php?rest_route=\/wp\/v2\/types\/post"}],"author":[{"embeddable":true,"href":"https:\/\/www.paparazzinews.com.br\/index.php?rest_route=\/wp\/v2\/users\/1"}],"replies":[{"embeddable":true,"href":"https:\/\/www.paparazzinews.com.br\/index.php?rest_route=%2Fwp%2Fv2%2Fcomments&post=588"}],"version-history":[{"count":1,"href":"https:\/\/www.paparazzinews.com.br\/index.php?rest_route=\/wp\/v2\/posts\/588\/revisions"}],"predecessor-version":[{"id":590,"href":"https:\/\/www.paparazzinews.com.br\/index.php?rest_route=\/wp\/v2\/posts\/588\/revisions\/590"}],"wp:featuredmedia":[{"embeddable":true,"href":"https:\/\/www.paparazzinews.com.br\/index.php?rest_route=\/wp\/v2\/media\/589"}],"wp:attachment":[{"href":"https:\/\/www.paparazzinews.com.br\/index.php?rest_route=%2Fwp%2Fv2%2Fmedia&parent=588"}],"wp:term":[{"taxonomy":"category","embeddable":true,"href":"https:\/\/www.paparazzinews.com.br\/index.php?rest_route=%2Fwp%2Fv2%2Fcategories&post=588"},{"taxonomy":"post_tag","embeddable":true,"href":"https:\/\/www.paparazzinews.com.br\/index.php?rest_route=%2Fwp%2Fv2%2Ftags&post=588"}],"curies":[{"name":"wp","href":"https:\/\/api.w.org\/{rel}","templated":true}]}}