{"id":5825,"date":"2023-09-19T18:23:02","date_gmt":"2023-09-19T21:23:02","guid":{"rendered":"https:\/\/www.paparazzinews.com.br\/?p=5825"},"modified":"2023-09-19T18:23:03","modified_gmt":"2023-09-19T21:23:03","slug":"no-dia-da-arvore-igua-celebra-conservacao-de-nascentes-e-matas-ciliares-com-acoes-de-educacao-socioambiental","status":"publish","type":"post","link":"https:\/\/www.paparazzinews.com.br\/?p=5825","title":{"rendered":"No Dia da \u00c1rvore, Igu\u00e1 celebra conserva\u00e7\u00e3o de nascentes e matas ciliares com a\u00e7\u00f5es de educa\u00e7\u00e3o socioambiental"},"content":{"rendered":"\n<p>Companhia promove conscientiza\u00e7\u00e3o sobre a import\u00e2ncia da conserva\u00e7\u00e3o da vegeta\u00e7\u00e3o para seguran\u00e7a h\u00eddrica e qualidade de vida<\/p>\n\n\n\n<p>Na semana em que se celebra o Dia da \u00c1rvore (21 de setembro), a Igu\u00e1 refor\u00e7a seu papel na conscientiza\u00e7\u00e3o, conserva\u00e7\u00e3o e recupera\u00e7\u00e3o da biodiversidade. As \u00e1rvores s\u00e3o importantes para o saneamento e a seguran\u00e7a h\u00eddrica, principalmente nascentes e matas ciliares dos locais de atua\u00e7\u00e3o. Pr\u00f3ximas de rios, elas atuam como barreiras para sedimentos &#8211; diminuindo a polui\u00e7\u00e3o, protegendo as encostas e evitando desmoronamentos.<\/p>\n\n\n\n<p>As a\u00e7\u00f5es tamb\u00e9m acontecem em Andradina e em Castilho com iniciativas da \u00c1guas Andradina e da \u00c1guas Castilho, empresas do grupo Igu\u00e1 Saneamento e Sabesp. S\u00e3o doa\u00e7\u00e3o de mudas, participa\u00e7\u00e3o em plantios volunt\u00e1rios, entrega de brindes e Mega Feir\u00e3o de Negocia\u00e7\u00e3o com vantagens para os clientes.<\/p>\n\n\n\n<p>&#8220;Preservar as \u00e1rvores em nascentes e matas ciliares pr\u00f3ximas a rios e corpos d&#8217;\u00e1gua ajuda no controle de eros\u00e3o e enchentes, o que contribui para um futuro sustent\u00e1vel&#8221;, diz Joziel Donizzette Andrade, gerente de meio ambiente da Igu\u00e1.<\/p>\n\n\n\n<p>Para marcar esta data, a Igu\u00e1 ir\u00e1 realizar na semana de 18 e 22, uma s\u00e9rie de a\u00e7\u00f5es de educa\u00e7\u00e3o socioambiental em suas opera\u00e7\u00f5es, presentes em 6 estados do Brasil: Alagoas, Mato Grosso, Paran\u00e1, Santa Catarina, S\u00e3o Paulo e Rio de Janeiro.<\/p>\n\n\n\n<p>Por meio de a\u00e7\u00f5es sociais e conscientiza\u00e7\u00e3o ambiental, a Igu\u00e1 busca promover a cidadania e sensibilizar a sociedade sobre a import\u00e2ncia do ciclo da \u00e1gua e da preserva\u00e7\u00e3o de \u00e1reas naturais.<\/p>\n\n\n\n<p>\u201cA responsabilidade social e o relacionamento com as comunidades s\u00e3o pilares da companhia. Nossa atua\u00e7\u00e3o visa contribuir com a aprendizagem por meio de atividades pr\u00e1ticas que colaboram para o entendimento da import\u00e2ncia da conserva\u00e7\u00e3o das florestas, da fauna e flora, dos recursos h\u00eddricos, bem como do papel de cada um nesse processo\u201d, afirma Natalia Carneiro Menezes, gerente de responsabilidade social da Igu\u00e1.<\/p>\n\n\n\n<p>Confira a programa\u00e7\u00e3o completa :<\/p>\n\n\n\n<p><strong>Andradina<\/strong><\/p>\n\n\n\n<p>Dia 19\/09<\/p>\n\n\n\n<p>\u25cf Acompanhamento de reflorestamento no C\u00f3rrego Pereira Jord\u00e3o.<\/p>\n\n\n\n<p>Dia 21\/09<\/p>\n\n\n\n<p>\u25cf Entrega de mudas na loja de atendimento ao cliente, das 8h30 \u00e0s 17h.<\/p>\n\n\n\n<p>\u25cf Atendimento Itinerante na Pra\u00e7a Moura Andrade com Mega Feir\u00e3o de Negocia\u00e7\u00e3o, distribui\u00e7\u00e3o de pipoca e algod\u00e3o doce, das 9h \u00e0s 17h.<\/p>\n\n\n\n<p>\u25cf Doa\u00e7\u00e3o de gradis para a escola EMEF Prof. Ondina.<\/p>\n\n\n\n<p>Dia 22\/09<\/p>\n\n\n\n<p>\u25cf Doa\u00e7\u00e3o de mudas de \u00e1rvores frut\u00edferas no Est\u00e1dio Municipal<\/p>\n\n\n\n<p>Dia 23\/09<\/p>\n\n\n\n<p>\u25cf Entrega de brindes e aquam\u00f3vel no Pedal da Primavera.<\/p>\n\n\n\n<p><strong>Castilho<\/strong><\/p>\n\n\n\n<p>\u25cf Participa\u00e7\u00e3o e apoio ao plantio volunt\u00e1rio dos alunos da EMEF Youssef Neif Kassab (Dia 14\/09)<\/p>\n\n\n\n<p>\u25cf Distribui\u00e7\u00e3o de mudas na loja de atendimento ao cliente, das 8h30 \u00e0s 17h (Dia 21\/09)<\/p>\n\n\n\n<p>Saiba mais sobre os trabalhos realizados pela \u00c1guas Andradina e \u00c1guas Castilho nos site <a href=\"http:\/\/www.igua.com.br\/andradina\" data-type=\"link\" data-id=\"www.igua.com.br\/andradina\">www.igua.com.br\/andradina<\/a> e <a href=\"http:\/\/www.igua.com.br\/castilho\" data-type=\"link\" data-id=\"www.igua.com.br\/castilho\">www.igua.com.br\/castilho<\/a>.<\/p>\n\n\n\n<p><strong><em><strong>Participe da comunidade do Canal Roni Paparazzi no Whatsapp e receba as principais not\u00edcias do dia direto no seu celular.<\/strong>\u00a0<a rel=\"noreferrer noopener\" href=\"https:\/\/chat.whatsapp.com\/GsG1XKo0jPOEfjzudWQcml\" target=\"_blank\">\u00a0Clique aqui e se inscreva.<\/a><\/em><\/strong><\/p>\n","protected":false},"excerpt":{"rendered":"<p>Companhia promove conscientiza\u00e7\u00e3o sobre a import\u00e2ncia da conserva\u00e7\u00e3o da vegeta\u00e7\u00e3o para seguran\u00e7a h\u00eddrica e qualidade de vida Na semana em que se celebra o Dia da \u00c1rvore (21 de setembro), a Igu\u00e1 refor\u00e7a seu papel na conscientiza\u00e7\u00e3o, conserva\u00e7\u00e3o e recupera\u00e7\u00e3o da biodiversidade. As \u00e1rvores s\u00e3o importantes para o saneamento e a seguran\u00e7a h\u00eddrica, principalmente nascentes &hellip;<\/p>\n","protected":false},"author":1,"featured_media":5826,"comment_status":"open","ping_status":"open","sticky":false,"template":"","format":"standard","meta":{"_jetpack_memberships_contains_paid_content":false,"footnotes":"","jetpack_publicize_message":"","jetpack_publicize_feature_enabled":true,"jetpack_social_post_already_shared":false,"jetpack_social_options":{"image_generator_settings":{"template":"highway","default_image_id":0,"enabled":false},"version":2}},"categories":[6],"tags":[],"class_list":["post-5825","post","type-post","status-publish","format-standard","has-post-thumbnail","hentry","category-entretenimento"],"jetpack_publicize_connections":[],"jetpack_featured_media_url":"https:\/\/i0.wp.com\/www.paparazzinews.com.br\/wp-content\/uploads\/2023\/09\/1f3d3cf3-a48f-4dc5-8e2e-57ad5af8c6fa-e1695158567870.jpg?fit=1000%2C750&ssl=1","views":"2675","jetpack_likes_enabled":true,"jetpack_sharing_enabled":true,"_links":{"self":[{"href":"https:\/\/www.paparazzinews.com.br\/index.php?rest_route=\/wp\/v2\/posts\/5825","targetHints":{"allow":["GET"]}}],"collection":[{"href":"https:\/\/www.paparazzinews.com.br\/index.php?rest_route=\/wp\/v2\/posts"}],"about":[{"href":"https:\/\/www.paparazzinews.com.br\/index.php?rest_route=\/wp\/v2\/types\/post"}],"author":[{"embeddable":true,"href":"https:\/\/www.paparazzinews.com.br\/index.php?rest_route=\/wp\/v2\/users\/1"}],"replies":[{"embeddable":true,"href":"https:\/\/www.paparazzinews.com.br\/index.php?rest_route=%2Fwp%2Fv2%2Fcomments&post=5825"}],"version-history":[{"count":1,"href":"https:\/\/www.paparazzinews.com.br\/index.php?rest_route=\/wp\/v2\/posts\/5825\/revisions"}],"predecessor-version":[{"id":5827,"href":"https:\/\/www.paparazzinews.com.br\/index.php?rest_route=\/wp\/v2\/posts\/5825\/revisions\/5827"}],"wp:featuredmedia":[{"embeddable":true,"href":"https:\/\/www.paparazzinews.com.br\/index.php?rest_route=\/wp\/v2\/media\/5826"}],"wp:attachment":[{"href":"https:\/\/www.paparazzinews.com.br\/index.php?rest_route=%2Fwp%2Fv2%2Fmedia&parent=5825"}],"wp:term":[{"taxonomy":"category","embeddable":true,"href":"https:\/\/www.paparazzinews.com.br\/index.php?rest_route=%2Fwp%2Fv2%2Fcategories&post=5825"},{"taxonomy":"post_tag","embeddable":true,"href":"https:\/\/www.paparazzinews.com.br\/index.php?rest_route=%2Fwp%2Fv2%2Ftags&post=5825"}],"curies":[{"name":"wp","href":"https:\/\/api.w.org\/{rel}","templated":true}]}}