{"id":581,"date":"2022-09-05T16:55:18","date_gmt":"2022-09-05T19:55:18","guid":{"rendered":"https:\/\/www.paparazzinews.com.br\/?p=581"},"modified":"2022-09-05T16:55:20","modified_gmt":"2022-09-05T19:55:20","slug":"andradinenses-recebem-aparelhos-auditivos","status":"publish","type":"post","link":"https:\/\/www.paparazzinews.com.br\/?p=581","title":{"rendered":"Andradinenses recebem aparelhos auditivos"},"content":{"rendered":"\n<p>As primeiras entregas de aparelhos auditivos, ligadas ao Programa Cirurgia Agora, do Governo de Andradina come\u00e7aram nesta sexta-feira.<\/p>\n\n\n\n<p>A Cirurgia Agora \u00e9 um programa in\u00e9dito no Estado de S\u00e3o Paulo onde a Secretaria de Sa\u00fade de Andradina vai promover a t\u00e3o esperada cirurgia e aparelhos auditivos com recursos do pr\u00f3prio munic\u00edpio.<\/p>\n\n\n\n<p>\u201c\u00c9 melhoria de qualidade de vida para quem merece, a nossa gente andradinense\u201d, disse o prefeito M\u00e1rio Celso Lopes.<\/p>\n\n\n\n<p>Segundo o secret\u00e1rio de Sa\u00fade de Andradina, Dr Jo\u00e3o Leme, um novo lote de aparelhos ser\u00e1 entregue na semana que vem e assim ser\u00e1 at\u00e9 o fim da demanda.<\/p>\n\n\n\n<p>\u201cCom a\u00e7\u00e3o in\u00e9dita, a prefeitura de Andradina vai permitir que estas pessoas escutem melhor, terminando com um transtorno e com a fila de espera pelo equipamento\u201d, disse Jo\u00e3o Leme.<\/p>\n\n\n\n<p>Cirurgias<br>O Cirurgia Agora est\u00e1 acabando com a cruel pela espera de um procedimento, as vezes simples, que representa uma grande melhoria na qualidade de vida das pessoas.<\/p>\n\n\n\n<p>\u201cN\u00f3s queremos todos que t\u00eam necessidade de uma cirurgia de especialidade sejam atendidos o mais r\u00e1pido poss\u00edvel\u201d, disse o prefeito M\u00e1rio Celso Lopes.<\/p>\n\n\n\n<p>Todas as pessoas em fila de espera para cirurgias eletivas est\u00e3o sendo convocados para realizar a atualiza\u00e7\u00e3o de exames e avalia\u00e7\u00e3o m\u00e9dica antes da cirurgia.<\/p>\n\n\n\n<p>O programa vai diminuir o tempo de espera para realiza\u00e7\u00e3o dos procedimentos e, assim, evitar complica\u00e7\u00f5es que podem ser provocadas pela evolu\u00e7\u00e3o das doen\u00e7as.<\/p>\n\n\n\n<p>\u201cDevemos atender h\u00e1 mais de 3 mil pessoas\u2019, disse.<\/p>\n\n\n\n<p>As cirurgias nesta primeira fase ser\u00e3o de ves\u00edcula, am\u00eddala, h\u00e9rnias e histerectomia, que \u00e9 a remo\u00e7\u00e3o cir\u00fargica do \u00fatero, que tamb\u00e9m pode incluir a retirada das trompas do ov\u00e1rio. O procedimento pode ser usado como medida preventiva ou como recurso para amenizar os avan\u00e7os no c\u00e2ncer de colo de \u00fatero.<\/p>\n","protected":false},"excerpt":{"rendered":"<p>As primeiras entregas de aparelhos auditivos, ligadas ao Programa Cirurgia Agora, do Governo de Andradina come\u00e7aram nesta sexta-feira. A Cirurgia Agora \u00e9 um programa in\u00e9dito no Estado de S\u00e3o Paulo onde a Secretaria de Sa\u00fade de Andradina vai promover a t\u00e3o esperada cirurgia e aparelhos auditivos com recursos do pr\u00f3prio munic\u00edpio. \u201c\u00c9 melhoria de qualidade &hellip;<\/p>\n","protected":false},"author":1,"featured_media":582,"comment_status":"open","ping_status":"open","sticky":false,"template":"","format":"standard","meta":{"_jetpack_memberships_contains_paid_content":false,"footnotes":"","jetpack_publicize_message":"","jetpack_publicize_feature_enabled":true,"jetpack_social_post_already_shared":false,"jetpack_social_options":{"image_generator_settings":{"template":"highway","default_image_id":0,"enabled":false},"version":2}},"categories":[4],"tags":[],"class_list":["post-581","post","type-post","status-publish","format-standard","has-post-thumbnail","hentry","category-regiao"],"jetpack_publicize_connections":[],"jetpack_featured_media_url":"https:\/\/i0.wp.com\/www.paparazzinews.com.br\/wp-content\/uploads\/2022\/09\/317edfe0-ef75-4e66-a7db-6fb708213fd5-e1662407643614.jpg?fit=1000%2C666&ssl=1","views":"7848","jetpack_likes_enabled":true,"jetpack_sharing_enabled":true,"_links":{"self":[{"href":"https:\/\/www.paparazzinews.com.br\/index.php?rest_route=\/wp\/v2\/posts\/581","targetHints":{"allow":["GET"]}}],"collection":[{"href":"https:\/\/www.paparazzinews.com.br\/index.php?rest_route=\/wp\/v2\/posts"}],"about":[{"href":"https:\/\/www.paparazzinews.com.br\/index.php?rest_route=\/wp\/v2\/types\/post"}],"author":[{"embeddable":true,"href":"https:\/\/www.paparazzinews.com.br\/index.php?rest_route=\/wp\/v2\/users\/1"}],"replies":[{"embeddable":true,"href":"https:\/\/www.paparazzinews.com.br\/index.php?rest_route=%2Fwp%2Fv2%2Fcomments&post=581"}],"version-history":[{"count":1,"href":"https:\/\/www.paparazzinews.com.br\/index.php?rest_route=\/wp\/v2\/posts\/581\/revisions"}],"predecessor-version":[{"id":583,"href":"https:\/\/www.paparazzinews.com.br\/index.php?rest_route=\/wp\/v2\/posts\/581\/revisions\/583"}],"wp:featuredmedia":[{"embeddable":true,"href":"https:\/\/www.paparazzinews.com.br\/index.php?rest_route=\/wp\/v2\/media\/582"}],"wp:attachment":[{"href":"https:\/\/www.paparazzinews.com.br\/index.php?rest_route=%2Fwp%2Fv2%2Fmedia&parent=581"}],"wp:term":[{"taxonomy":"category","embeddable":true,"href":"https:\/\/www.paparazzinews.com.br\/index.php?rest_route=%2Fwp%2Fv2%2Fcategories&post=581"},{"taxonomy":"post_tag","embeddable":true,"href":"https:\/\/www.paparazzinews.com.br\/index.php?rest_route=%2Fwp%2Fv2%2Ftags&post=581"}],"curies":[{"name":"wp","href":"https:\/\/api.w.org\/{rel}","templated":true}]}}