{"id":58,"date":"2022-06-20T16:54:18","date_gmt":"2022-06-20T19:54:18","guid":{"rendered":"https:\/\/www.paparazzinews.com.br\/?p=58"},"modified":"2022-06-20T16:55:41","modified_gmt":"2022-06-20T19:55:41","slug":"audiencia-publica-do-plano-diretor-do-turismo-ocorrera-em-andradina","status":"publish","type":"post","link":"https:\/\/www.paparazzinews.com.br\/?p=58","title":{"rendered":"Audi\u00eancia p\u00fablica do Plano Diretor do Turismo ocorrer\u00e1 em Andradina"},"content":{"rendered":"\n<p>A Secretaria de Turismo, Desenvolvimento Econ\u00f4mico e Economia Criativa do Governo de Andradina vai realizar, no pr\u00f3ximo dia 22, \u00e0s 15h, uma audi\u00eancia p\u00fablica para revis\u00e3o e atualiza\u00e7\u00e3o do Plano Diretor de Turismo. A reuni\u00e3o, que acontece na sede da ACIA \u2013 Associa\u00e7\u00e3o Comercial e Industrial de Andradina, \u00e9 aberta a todos os interessados.<\/p>\n\n\n\n<p>A estrutura\u00e7\u00e3o do Plano Diretor \u00e9 um dos principais requisitos para que uma cidade tenha um pol\u00edtica p\u00fablica voltada ao desenvolvimento do turismo. O novo Plano Diretor de turismo \u00e9 uma atualiza\u00e7\u00e3o do plano elaborado em 2019 e valer\u00e1 pelos pr\u00f3ximos tr\u00eas anos, conforme Lei Complementar n\u00ba 1.261 de 29 de abril de 2015.<\/p>\n\n\n\n<p>O plano funciona como \u201cum guia\u201d para que interessados do setor p\u00fablico e privado saibam que caminho percorrer para atingir seus objetivos.<\/p>\n\n\n\n<p>Durante a audi\u00eancia ser\u00e3o apresentadas as diretrizes, os programas, os projetos e as a\u00e7\u00f5es definidas para o desenvolvimento do setor no munic\u00edpio. A subsecret\u00e1ria de Turismo, Viviane Castro Elois, explica que durante a audi\u00eancia os participantes poder\u00e3o apresentar sugest\u00f5es, esclarecer d\u00favidas e propor melhorias para o desenvolvimento do turismo receptivo no munic\u00edpio.<\/p>\n\n\n\n<p>\u201cAndradina \u00e9 um munic\u00edpio de grande potencial tur\u00edstico. O prefeito M\u00e1rio Celso Lopes t\u00eam incentivado muito o desenvolvimento do setor. Mas, para que o desenvolvimento seja amplo a participa\u00e7\u00e3o da sociedade participe \u00e9 essencial.\u201d, afirmou.<\/p>\n\n\n\n<p>\u00c9 esperada a presen\u00e7a dos empres\u00e1rios, dos representantes das entidades de classe e sociais e a popula\u00e7\u00e3o em geral.<\/p>\n","protected":false},"excerpt":{"rendered":"<p>A Secretaria de Turismo, Desenvolvimento Econ\u00f4mico e Economia Criativa do Governo de Andradina vai realizar, no pr\u00f3ximo dia 22, \u00e0s 15h, uma audi\u00eancia p\u00fablica para revis\u00e3o e atualiza\u00e7\u00e3o do Plano Diretor de Turismo. A reuni\u00e3o, que acontece na sede da ACIA \u2013 Associa\u00e7\u00e3o Comercial e Industrial de Andradina, \u00e9 aberta a todos os interessados. A &hellip;<\/p>\n","protected":false},"author":1,"featured_media":59,"comment_status":"open","ping_status":"open","sticky":false,"template":"","format":"standard","meta":{"_jetpack_memberships_contains_paid_content":false,"footnotes":"","jetpack_publicize_message":"","jetpack_publicize_feature_enabled":true,"jetpack_social_post_already_shared":false,"jetpack_social_options":{"image_generator_settings":{"template":"highway","default_image_id":0,"enabled":false},"version":2}},"categories":[4],"tags":[],"class_list":["post-58","post","type-post","status-publish","format-standard","has-post-thumbnail","hentry","category-regiao"],"jetpack_publicize_connections":[],"jetpack_featured_media_url":"https:\/\/i0.wp.com\/www.paparazzinews.com.br\/wp-content\/uploads\/2022\/06\/27798c5f-8a97-49d7-be4f-4a15dac9c97f.jpg?fit=1280%2C720&ssl=1","views":"3475","jetpack_likes_enabled":true,"jetpack_sharing_enabled":true,"_links":{"self":[{"href":"https:\/\/www.paparazzinews.com.br\/index.php?rest_route=\/wp\/v2\/posts\/58","targetHints":{"allow":["GET"]}}],"collection":[{"href":"https:\/\/www.paparazzinews.com.br\/index.php?rest_route=\/wp\/v2\/posts"}],"about":[{"href":"https:\/\/www.paparazzinews.com.br\/index.php?rest_route=\/wp\/v2\/types\/post"}],"author":[{"embeddable":true,"href":"https:\/\/www.paparazzinews.com.br\/index.php?rest_route=\/wp\/v2\/users\/1"}],"replies":[{"embeddable":true,"href":"https:\/\/www.paparazzinews.com.br\/index.php?rest_route=%2Fwp%2Fv2%2Fcomments&post=58"}],"version-history":[{"count":1,"href":"https:\/\/www.paparazzinews.com.br\/index.php?rest_route=\/wp\/v2\/posts\/58\/revisions"}],"predecessor-version":[{"id":60,"href":"https:\/\/www.paparazzinews.com.br\/index.php?rest_route=\/wp\/v2\/posts\/58\/revisions\/60"}],"wp:featuredmedia":[{"embeddable":true,"href":"https:\/\/www.paparazzinews.com.br\/index.php?rest_route=\/wp\/v2\/media\/59"}],"wp:attachment":[{"href":"https:\/\/www.paparazzinews.com.br\/index.php?rest_route=%2Fwp%2Fv2%2Fmedia&parent=58"}],"wp:term":[{"taxonomy":"category","embeddable":true,"href":"https:\/\/www.paparazzinews.com.br\/index.php?rest_route=%2Fwp%2Fv2%2Fcategories&post=58"},{"taxonomy":"post_tag","embeddable":true,"href":"https:\/\/www.paparazzinews.com.br\/index.php?rest_route=%2Fwp%2Fv2%2Ftags&post=58"}],"curies":[{"name":"wp","href":"https:\/\/api.w.org\/{rel}","templated":true}]}}