{"id":5765,"date":"2023-09-18T18:11:35","date_gmt":"2023-09-18T21:11:35","guid":{"rendered":"https:\/\/www.paparazzinews.com.br\/?p=5765"},"modified":"2023-09-18T18:11:36","modified_gmt":"2023-09-18T21:11:36","slug":"quase-30-postos-do-poupatempo-estao-emitindo-a-carteira-da-pessoa-autista","status":"publish","type":"post","link":"https:\/\/www.paparazzinews.com.br\/?p=5765","title":{"rendered":"Quase 30 postos do Poupatempo est\u00e3o emitindo a Carteira da Pessoa Autista"},"content":{"rendered":"\n<p>Na Semana Nacional de Luta da Pessoa com Defici\u00eancia, o Governo de S\u00e3o Paulo est\u00e1 ampliando o apoio presencial para emiss\u00e3o da Carteira de Identifica\u00e7\u00e3o da Pessoa com Transtorno do Espectro Autista (Ciptea) para 26 postos do Poupatempo, que tamb\u00e9m passar\u00e3o a contar com salas sensoriais na capital, interior e litoral.<\/p>\n\n\n\n<p>A Ciptea \u00e9 um servi\u00e7o 100% digital e gratuito solicitado no site ciptea.sp.gov.br. A emiss\u00e3o gratuita do documento j\u00e1 vinha sendo feita desde abril no Poupatempo do Canind\u00e9, na zona norte da capital.<\/p>\n\n\n\n<p>O documento tamb\u00e9m pode ser impresso em equipamentos dom\u00e9sticos, sem a necessidade de deslocamento dos benefici\u00e1rios e\/ou respons\u00e1veis. Todos os postos do Poupatempo oferecem orienta\u00e7\u00e3o para preenchimento do cadastro e emiss\u00e3o das carteiras para pessoas autistas.<\/p>\n\n\n\n<p>A expans\u00e3o da emiss\u00e3o das carteiras e do atendimento com salas sensoriais ser\u00e1 feito nos postos Poupatempo do Canind\u00e9, Cidade Ademar, Itaquera, Lapa e Santo Amaro, na capital, e nas unidades de Ara\u00e7atuba, Araraquara, Bauru, Campinas Shopping, Carapicu\u00edba, Diadema, Guaruj\u00e1, Guarulhos, Itaquaquecetuba, Mau\u00e1, Mogi das Cruzes, Osasco, Piracicaba, Ribeir\u00e3o Preto, Santo Andr\u00e9, Santos, S\u00e3o Bernardo do Campo, S\u00e3o Jos\u00e9 do Rio Preto, S\u00e3o Jos\u00e9 dos Campos, Tabo\u00e3o da Serra e Taubat\u00e9.<\/p>\n\n\n\n<p>As salas sensoriais s\u00e3o espa\u00e7os silenciosos de acolhimento, com equipes especializadas para atendimento a pessoas autistas e neurodivergentes. Os espa\u00e7os oferecem abafadores de sons externos e controle de ilumina\u00e7\u00e3o para reduzir est\u00edmulos sensoriais e tornar os ambientes confort\u00e1veis, evitando crises e estresse do p\u00fablico atendido. O servi\u00e7o tamb\u00e9m disp\u00f5e de quadros brancos, pinc\u00e9is marcadores, jogos e brinquedos educativos, mural cognitivo e bola de pilates.<\/p>\n\n\n\n<p>Na manh\u00e3 desta segunda-feira (18), o secret\u00e1rio de Estado dos Direitos da Pessoa com Defici\u00eancia, Marcos da Costa, inaugurou uma sala sensorial e a emiss\u00e3o presencial no Poupatempo de Santo Amaro, na capital. \u00c0 tarde, foi a vez do Poupatempo de Santos oferecer os servi\u00e7os.<\/p>\n\n\n\n<p>\u201cEste \u00e9 mais um passo muito importante da gest\u00e3o estadual em prol da inclus\u00e3o das pessoas autistas, que t\u00eam tido os seus direitos reconhecidos e refor\u00e7ados por meio do desenvolvimento de pol\u00edticas p\u00fablicas que as beneficiem diretamente\u201d, destacou o secret\u00e1rio.<\/p>\n\n\n\n<p>Ciptea<\/p>\n\n\n\n<p>A carteira oficial de identifica\u00e7\u00e3o para pessoas com TEA atende a normas da lei federal 13.977\/20 e da Lei Estadual 17.651\/23, promulgada pelo Governo de S\u00e3o Paulo em mar\u00e7o. A a\u00e7\u00e3o faz parte do Plano Estadual Integrado para Pessoas com Transtorno do Espectro do Autismo, em vigor desde abril pelo decreto estadual 67.634.<\/p>\n\n\n\n<p>A Ciptea \u00e9 uma iniciativa da Secretaria dos Direitos da Pessoa com Defici\u00eancia, com o documento desenvolvido pela Secretaria de Gest\u00e3o e Governo Digital. As solicita\u00e7\u00f5es podem ser feitas atrav\u00e9s do portal Ciptea (ciptea.sp.gov.br), criado pela Prodesp \u2013 a empresa de tecnologia do Governo de S\u00e3o Paulo \u2013, que j\u00e1 emitiu 17 mil carteiras desde abril.<\/p>\n\n\n\n<p>A carteira visa facilitar a identifica\u00e7\u00e3o da pessoa autista e seus respons\u00e1veis, assegurando mais rapidez no acesso a servi\u00e7os p\u00fablicos e privados de sa\u00fade, educa\u00e7\u00e3o, assist\u00eancia social e outros em todo o territ\u00f3rio paulista.<\/p>\n\n\n\n<p><strong><em><strong>Participe da comunidade do Canal Roni Paparazzi no Whatsapp e receba as principais not\u00edcias do dia direto no seu celular.<\/strong>\u00a0<a rel=\"noreferrer noopener\" href=\"https:\/\/chat.whatsapp.com\/GsG1XKo0jPOEfjzudWQcml\" target=\"_blank\">\u00a0Clique aqui e se inscreva.<\/a><\/em><\/strong><\/p>\n","protected":false},"excerpt":{"rendered":"<p>Na Semana Nacional de Luta da Pessoa com Defici\u00eancia, o Governo de S\u00e3o Paulo est\u00e1 ampliando o apoio presencial para emiss\u00e3o da Carteira de Identifica\u00e7\u00e3o da Pessoa com Transtorno do Espectro Autista (Ciptea) para 26 postos do Poupatempo, que tamb\u00e9m passar\u00e3o a contar com salas sensoriais na capital, interior e litoral. A Ciptea \u00e9 um &hellip;<\/p>\n","protected":false},"author":1,"featured_media":5766,"comment_status":"open","ping_status":"open","sticky":false,"template":"","format":"standard","meta":{"_jetpack_memberships_contains_paid_content":false,"footnotes":"","jetpack_publicize_message":"","jetpack_publicize_feature_enabled":true,"jetpack_social_post_already_shared":false,"jetpack_social_options":{"image_generator_settings":{"template":"highway","default_image_id":0,"enabled":false},"version":2}},"categories":[4],"tags":[],"class_list":["post-5765","post","type-post","status-publish","format-standard","has-post-thumbnail","hentry","category-regiao"],"jetpack_publicize_connections":[],"jetpack_featured_media_url":"https:\/\/i0.wp.com\/www.paparazzinews.com.br\/wp-content\/uploads\/2023\/09\/DSC_4080-tratada-1-scaled-1.jpg?fit=1098%2C1024&ssl=1","views":"2607","jetpack_likes_enabled":true,"jetpack_sharing_enabled":true,"_links":{"self":[{"href":"https:\/\/www.paparazzinews.com.br\/index.php?rest_route=\/wp\/v2\/posts\/5765","targetHints":{"allow":["GET"]}}],"collection":[{"href":"https:\/\/www.paparazzinews.com.br\/index.php?rest_route=\/wp\/v2\/posts"}],"about":[{"href":"https:\/\/www.paparazzinews.com.br\/index.php?rest_route=\/wp\/v2\/types\/post"}],"author":[{"embeddable":true,"href":"https:\/\/www.paparazzinews.com.br\/index.php?rest_route=\/wp\/v2\/users\/1"}],"replies":[{"embeddable":true,"href":"https:\/\/www.paparazzinews.com.br\/index.php?rest_route=%2Fwp%2Fv2%2Fcomments&post=5765"}],"version-history":[{"count":1,"href":"https:\/\/www.paparazzinews.com.br\/index.php?rest_route=\/wp\/v2\/posts\/5765\/revisions"}],"predecessor-version":[{"id":5767,"href":"https:\/\/www.paparazzinews.com.br\/index.php?rest_route=\/wp\/v2\/posts\/5765\/revisions\/5767"}],"wp:featuredmedia":[{"embeddable":true,"href":"https:\/\/www.paparazzinews.com.br\/index.php?rest_route=\/wp\/v2\/media\/5766"}],"wp:attachment":[{"href":"https:\/\/www.paparazzinews.com.br\/index.php?rest_route=%2Fwp%2Fv2%2Fmedia&parent=5765"}],"wp:term":[{"taxonomy":"category","embeddable":true,"href":"https:\/\/www.paparazzinews.com.br\/index.php?rest_route=%2Fwp%2Fv2%2Fcategories&post=5765"},{"taxonomy":"post_tag","embeddable":true,"href":"https:\/\/www.paparazzinews.com.br\/index.php?rest_route=%2Fwp%2Fv2%2Ftags&post=5765"}],"curies":[{"name":"wp","href":"https:\/\/api.w.org\/{rel}","templated":true}]}}