{"id":574,"date":"2022-09-02T12:13:43","date_gmt":"2022-09-02T15:13:43","guid":{"rendered":"https:\/\/www.paparazzinews.com.br\/?p=574"},"modified":"2022-09-02T12:13:46","modified_gmt":"2022-09-02T15:13:46","slug":"eleitor-que-se-recusar-a-entregar-celular-na-eleicao-nao-vai-votar","status":"publish","type":"post","link":"https:\/\/www.paparazzinews.com.br\/?p=574","title":{"rendered":"Eleitor que se recusar a entregar celular na elei\u00e7\u00e3o n\u00e3o vai votar"},"content":{"rendered":"\n<p>O\u00a0<a href=\"https:\/\/g1.globo.com\/tudo-sobre\/tribunal-superior-eleitoral\/\">Tribunal Superior Eleitoral<\/a>\u00a0(TSE) aprovou, por unanimidade, nesta quinta-feira (1\u00ba) as\u00a0<a href=\"https:\/\/g1.globo.com\/politica\/eleicoes\/2022\/noticia\/2022\/08\/25\/tse-confirma-proibicao-de-celular-em-cabine-no-dia-da-eleicao.ghtml\">regras sobre a entrega do celular aos mes\u00e1rios<\/a>\u00a0e a\u00a0<a href=\"https:\/\/g1.globo.com\/politica\/eleicoes\/2022\/noticia\/2022\/08\/30\/relator-no-tse-vota-para-restringir-porte-de-armas-nas-secoes-eleitorais.ghtml\">proibi\u00e7\u00e3o do porte de arma nos locais de vota\u00e7\u00e3o<\/a>. As informa\u00e7\u00f5es s\u00e3o do G1.<\/p>\n\n\n\n<p>O plen\u00e1rio j\u00e1 havia confirmado que os celulares est\u00e3o proibidos na cabine de vota\u00e7\u00e3o e, o porte de armas, nos locais de vota\u00e7\u00e3o. Agora, a Corte aprovou as mudan\u00e7as na resolu\u00e7\u00e3o que disciplina as regras para o pleito, com detalhes sobre as veda\u00e7\u00f5es.<\/p>\n\n\n\n<h2 class=\"wp-block-heading\">Proibi\u00e7\u00e3o de celular<\/h2>\n\n\n\n<p>Na cabine de vota\u00e7\u00e3o,&nbsp;\u00e9 vedado ao eleitor portar:<\/p>\n\n\n\n<ul class=\"wp-block-list\"><li>aparelho de telefonia celular<\/li><li>m\u00e1quina fotogr\u00e1fica<\/li><li>filmadoras<\/li><li>equipamentos de r\u00e1dio comunica\u00e7\u00e3o<\/li><li>qualquer instrumento que possa comprometer o sigilo do voto, ainda que desligados<\/li><\/ul>\n\n\n\n<p>Para que o eleitor possa se dirigir \u00e0 cabine de vota\u00e7\u00e3o, os aparelhos mencionados devem ser desligados e entregues \u00e0 mesa receptora de votos, juntamente com documento de identidade apresentado.<\/p>\n\n\n\n<p>A mesa receptora dever\u00e1 ficar respons\u00e1vel pela reten\u00e7\u00e3o e guarda dos equipamentos. Conclu\u00edda a vota\u00e7\u00e3o, ela restituir\u00e1 o documento e os aparelhos.<\/p>\n\n\n\n<p>A mesa indagar\u00e1 ao eleitor, antes de ingressar na cabine, sobre o porte de aparelho de telefonia celular, m\u00e1quina fotogr\u00e1fica, filmadoras e equipamentos de r\u00e1dio comunica\u00e7\u00e3o ou qualquer instrumento que possa comprometer o sigilo de voto a fim de que esses aparelhos lhes sejam entregues.<\/p>\n\n\n\n<p><strong>Havendo recusa na entrega:<\/strong><\/p>\n\n\n\n<ul class=\"wp-block-list\"><li>o eleitor n\u00e3o ser\u00e1 autorizado a votar<\/li><li>a presid\u00eancia da mesa receptora constar\u00e1 em ata os detalhes do ocorrido<\/li><li>a for\u00e7a policial ser\u00e1 chamada para adotar provid\u00eancias necess\u00e1rias, sem preju\u00edzo de comunica\u00e7\u00e3o a ju\u00edza ou ao ju\u00edzo eleitoral.<\/li><\/ul>\n\n\n\n<p>Nas sess\u00f5es eleitorais e nas sess\u00f5es onde houver necessidade, a pedido do juiz eleitoral, poder\u00e3o ser utilizados detectores port\u00e1teis de metal para impedir o uso de equipamentos eletr\u00f4nicos na cabine de vota\u00e7\u00e3o.<\/p>\n\n\n\n<p>Os custos operacionais para as medidas correr\u00e3o por conta dos Tribunais Regionais Eleitorais (TREs), que poder\u00e3o envidar esfor\u00e7os para a celebra\u00e7\u00e3o de acordo de coopera\u00e7\u00e3o junto \u00e0 justi\u00e7as estadual e federal, sem preju\u00edzo de outras entidades que possam cooperar com a execu\u00e7\u00e3o das medidas.<\/p>\n\n\n\n<h2 class=\"wp-block-heading\">Proibi\u00e7\u00e3o de armas<\/h2>\n\n\n\n<p>A proibi\u00e7\u00e3o, segundo regulamenta\u00e7\u00e3o aprovada pelo TSE,&nbsp;aplica-se inclusive aos civis que carreguem armas, ainda que detentores de porte ou licen\u00e7a estadual.<\/p>\n\n\n\n<p>Quem descumprir a determina\u00e7\u00e3o estar\u00e1 sujeito \u00e0 pris\u00e3o em flagrante por porte ilegal de arma, sem preju\u00edzo do crime eleitoral correspondente.<\/p>\n\n\n\n<p>A regulamenta\u00e7\u00e3o prev\u00ea ainda que a For\u00e7a Armada:<\/p>\n\n\n\n<ul class=\"wp-block-list\"><li>se conservar\u00e1 a 100 metros da sess\u00e3o eleitoral;<\/li><li>n\u00e3o poder\u00e1 se aproximar do local da vota\u00e7\u00e3o e entrar sem ordem judicial ou do presidente da mesa receptora nas 48 horas que antecedem o pleito e nas 24 horas que o sucedem, exceto nos estabelecimentos penais e nas unidades de interna\u00e7\u00e3o de adolescentes, respeitado o sigilo de voto.<\/li><\/ul>\n\n\n\n<p>A reda\u00e7\u00e3o prevista acima n\u00e3o se aplica aos integrantes das for\u00e7as de seguran\u00e7a em servi\u00e7os junto \u00e0 Justi\u00e7a Eleitoral e quando autorizado ou convocados pela autoridade eleitoral competente.<\/p>\n\n\n\n<p>Aos agentes de for\u00e7a de seguran\u00e7a p\u00fablica que se encontrem em atividades gerais de policiamento no dia das elei\u00e7\u00f5es fica permitido o porte de arma de fogo na se\u00e7\u00e3o eleitoral no momento que forem votar.<\/p>\n\n\n\n<p>Os tribunais e ju\u00edzas e ju\u00edzes eleitorais, no \u00e2mbito das respectivas circunscri\u00e7\u00f5es, poder\u00e3o solicitar \u00e0 presid\u00eancia do TSE a extens\u00e3o da veda\u00e7\u00e3o aos locais que necessitem de id\u00eantica prote\u00e7\u00e3o.<\/p>\n","protected":false},"excerpt":{"rendered":"<p>O\u00a0Tribunal Superior Eleitoral\u00a0(TSE) aprovou, por unanimidade, nesta quinta-feira (1\u00ba) as\u00a0regras sobre a entrega do celular aos mes\u00e1rios\u00a0e a\u00a0proibi\u00e7\u00e3o do porte de arma nos locais de vota\u00e7\u00e3o. As informa\u00e7\u00f5es s\u00e3o do G1. O plen\u00e1rio j\u00e1 havia confirmado que os celulares est\u00e3o proibidos na cabine de vota\u00e7\u00e3o e, o porte de armas, nos locais de vota\u00e7\u00e3o. Agora, &hellip;<\/p>\n","protected":false},"author":1,"featured_media":575,"comment_status":"open","ping_status":"open","sticky":false,"template":"","format":"standard","meta":{"_jetpack_memberships_contains_paid_content":false,"footnotes":"","jetpack_publicize_message":"","jetpack_publicize_feature_enabled":true,"jetpack_social_post_already_shared":false,"jetpack_social_options":{"image_generator_settings":{"template":"highway","default_image_id":0,"enabled":false},"version":2}},"categories":[7],"tags":[],"class_list":["post-574","post","type-post","status-publish","format-standard","has-post-thumbnail","hentry","category-politica"],"jetpack_publicize_connections":[],"jetpack_featured_media_url":"https:\/\/i0.wp.com\/www.paparazzinews.com.br\/wp-content\/uploads\/2022\/09\/BeFunky-collage-2022-08-25T165224.029-744x372-1.jpg?fit=744%2C372&ssl=1","views":"3343","jetpack_likes_enabled":true,"jetpack_sharing_enabled":true,"_links":{"self":[{"href":"https:\/\/www.paparazzinews.com.br\/index.php?rest_route=\/wp\/v2\/posts\/574","targetHints":{"allow":["GET"]}}],"collection":[{"href":"https:\/\/www.paparazzinews.com.br\/index.php?rest_route=\/wp\/v2\/posts"}],"about":[{"href":"https:\/\/www.paparazzinews.com.br\/index.php?rest_route=\/wp\/v2\/types\/post"}],"author":[{"embeddable":true,"href":"https:\/\/www.paparazzinews.com.br\/index.php?rest_route=\/wp\/v2\/users\/1"}],"replies":[{"embeddable":true,"href":"https:\/\/www.paparazzinews.com.br\/index.php?rest_route=%2Fwp%2Fv2%2Fcomments&post=574"}],"version-history":[{"count":1,"href":"https:\/\/www.paparazzinews.com.br\/index.php?rest_route=\/wp\/v2\/posts\/574\/revisions"}],"predecessor-version":[{"id":576,"href":"https:\/\/www.paparazzinews.com.br\/index.php?rest_route=\/wp\/v2\/posts\/574\/revisions\/576"}],"wp:featuredmedia":[{"embeddable":true,"href":"https:\/\/www.paparazzinews.com.br\/index.php?rest_route=\/wp\/v2\/media\/575"}],"wp:attachment":[{"href":"https:\/\/www.paparazzinews.com.br\/index.php?rest_route=%2Fwp%2Fv2%2Fmedia&parent=574"}],"wp:term":[{"taxonomy":"category","embeddable":true,"href":"https:\/\/www.paparazzinews.com.br\/index.php?rest_route=%2Fwp%2Fv2%2Fcategories&post=574"},{"taxonomy":"post_tag","embeddable":true,"href":"https:\/\/www.paparazzinews.com.br\/index.php?rest_route=%2Fwp%2Fv2%2Ftags&post=574"}],"curies":[{"name":"wp","href":"https:\/\/api.w.org\/{rel}","templated":true}]}}