{"id":5689,"date":"2023-09-14T17:17:10","date_gmt":"2023-09-14T20:17:10","guid":{"rendered":"https:\/\/www.paparazzinews.com.br\/?p=5689"},"modified":"2023-09-14T17:17:11","modified_gmt":"2023-09-14T20:17:11","slug":"assassino-e-estuprador-de-menina-de-10-anos-chorou-e-disse-que-estava-possuido-por-um-espirito-maligno","status":"publish","type":"post","link":"https:\/\/www.paparazzinews.com.br\/?p=5689","title":{"rendered":"Assassino e estuprador de menina de 10 anos, \u201cchorou e disse que estava possu\u00eddo por um esp\u00edrito maligno\u201d"},"content":{"rendered":"\n<p>O delegado titular da Delegacia de Homic\u00eddios da Divis\u00e3o Especializada em Investiga\u00e7\u00f5es Criminais (DEIC) de S\u00e3o Jos\u00e9 do Rio Preto, no interior de SP, Alceu Lima de Oliveira J\u00fanior, afirmou que o\u00a0<a href=\"https:\/\/sbtinterior.com\/noticia\/corpo-de-crianca-e-encontrado-em-casa-em-construcao-em-rio-preto,9562466743778.html\">suspeito de ter estuprado e matado brutalmente uma menina de 10 anos na cidade disse que estava \u201cpossu\u00eddo\u201d quando cometeu o crime<\/a>.<\/p>\n\n\n\n<p>\u201cEle desabou em choro e disse que estava possu\u00eddo por um esp\u00edrito maligno, que estava h\u00e1 tr\u00eas dias sob efeito de drogas e \u00e1lcool e que n\u00e3o sabe o motivo de ter cometido o crime\u201d, disse o delegado para o&nbsp;<strong>sbtinterior.com<\/strong>.<\/p>\n\n\n\n<p>Carlos Eduardo dos Santos, de 27 anos, foi detido pela Pol\u00edcia Militar na \u00faltima quarta-feira (13\/9), no bairro Santo Ant\u00f4nio, na regi\u00e3o norte da cidade, onde aconteceu o crime. Ele \u00e9 vizinho da v\u00edtima.<\/p>\n\n\n\n<p>De acordo com o 2\u00b0 Tenente da PM, Murilo Blanco Soares, do Comando For\u00e7a Patrulha e que coordenou a equipe que localizou o suspeito, Carlos Eduardo foi encontrado por meio de imagens de circuito de seguran\u00e7a obtidas pelos policiais em uma a\u00e7\u00e3o conjunta, de troca de informa\u00e7\u00f5es com&nbsp;Pol\u00edcia Civil para encontrar o autor do crime brutal que chocou os moradores. &nbsp;<\/p>\n\n\n\n<p>\u201cEle foi encontrado na garagem da casa dele e n\u00e3o apresentou resist\u00eancia. No v\u00eddeo ele aparece saindo da casa em constru\u00e7\u00e3o (onde ocorreu o homic\u00eddio) tirando a camiseta e se limpando. No in\u00edcio ele estava muito alterado, mas ao falar com o delegado na DEIC, ele foi se acalmando e confessou o homic\u00eddio, mas negou o estupro\u201d, afirmou o policial.<\/p>\n\n\n\n<p>O tenente contou ainda que uma caracter\u00edstica forte do suspeito chamou a aten\u00e7\u00e3o dos policiais.<\/p>\n\n\n\n<p>\u201cEle tinha o cabelo afro e maior, estilo \u2018black power\u2019 e quando o encontramos ele j\u00e1 estava com os cabelos curtos. Ao question\u00e1-lo, ele disse que ap\u00f3s cometer o crime chegou em casa e pediu para m\u00e3e cortar os cabelos dele\u201d.<\/p>\n\n\n\n<p>Ontem, a delegada D\u00e1lice Ceron, da Delegacia de Defesa da Mulher (DDM), compareceu no local do crime porque a v\u00edtima era menor de idade e disse para a imprensa que o corpo de Mikaele dos Santos foi encontrado muito machucado, seminu, com sinais de pancadas violentas no rosto, possivelmente provocadas por pauladas,&nbsp;e tamb\u00e9m tinha sinais de viol\u00eancia sexual.&nbsp;<\/p>\n\n\n\n<p>A menininha vai ser enterrada&nbsp;\u00e0s 14h desta quinta-feira (14\/9), no cemit\u00e9rio S\u00e3o Jo\u00e3o Batista, em Rio Preto.<\/p>\n\n\n\n<p>Carlos Eduardo dos Santos est\u00e1 preso preventivamente na DEIC e ser\u00e1 transferido para a cadeia de Luc\u00e9lia (SP). Ainda de acordo com a pol\u00edcia, ele j\u00e1 tem passagens por outros crimes.&nbsp;<\/p>\n\n\n\n<p><strong><em><strong>Participe da comunidade do Canal Roni Paparazzi no Whatsapp e receba as principais not\u00edcias do dia direto no seu celular.<\/strong>\u00a0<a rel=\"noreferrer noopener\" href=\"https:\/\/chat.whatsapp.com\/GsG1XKo0jPOEfjzudWQcml\" target=\"_blank\">\u00a0Clique aqui e se inscreva.<\/a><\/em><\/strong><\/p>\n","protected":false},"excerpt":{"rendered":"<p>O delegado titular da Delegacia de Homic\u00eddios da Divis\u00e3o Especializada em Investiga\u00e7\u00f5es Criminais (DEIC) de S\u00e3o Jos\u00e9 do Rio Preto, no interior de SP, Alceu Lima de Oliveira J\u00fanior, afirmou que o\u00a0suspeito de ter estuprado e matado brutalmente uma menina de 10 anos na cidade disse que estava \u201cpossu\u00eddo\u201d quando cometeu o crime. \u201cEle desabou &hellip;<\/p>\n","protected":false},"author":1,"featured_media":5690,"comment_status":"open","ping_status":"open","sticky":false,"template":"","format":"standard","meta":{"_jetpack_memberships_contains_paid_content":false,"footnotes":"","jetpack_publicize_message":"","jetpack_publicize_feature_enabled":true,"jetpack_social_post_already_shared":false,"jetpack_social_options":{"image_generator_settings":{"template":"highway","default_image_id":0,"enabled":false},"version":2}},"categories":[3],"tags":[],"class_list":["post-5689","post","type-post","status-publish","format-standard","has-post-thumbnail","hentry","category-policial"],"jetpack_publicize_connections":[],"jetpack_featured_media_url":"https:\/\/i0.wp.com\/www.paparazzinews.com.br\/wp-content\/uploads\/2023\/09\/41be9dec-e497-4650-86c0-44a832f8691e.jpg?fit=600%2C548&ssl=1","views":"1504","jetpack_likes_enabled":true,"jetpack_sharing_enabled":true,"_links":{"self":[{"href":"https:\/\/www.paparazzinews.com.br\/index.php?rest_route=\/wp\/v2\/posts\/5689","targetHints":{"allow":["GET"]}}],"collection":[{"href":"https:\/\/www.paparazzinews.com.br\/index.php?rest_route=\/wp\/v2\/posts"}],"about":[{"href":"https:\/\/www.paparazzinews.com.br\/index.php?rest_route=\/wp\/v2\/types\/post"}],"author":[{"embeddable":true,"href":"https:\/\/www.paparazzinews.com.br\/index.php?rest_route=\/wp\/v2\/users\/1"}],"replies":[{"embeddable":true,"href":"https:\/\/www.paparazzinews.com.br\/index.php?rest_route=%2Fwp%2Fv2%2Fcomments&post=5689"}],"version-history":[{"count":1,"href":"https:\/\/www.paparazzinews.com.br\/index.php?rest_route=\/wp\/v2\/posts\/5689\/revisions"}],"predecessor-version":[{"id":5691,"href":"https:\/\/www.paparazzinews.com.br\/index.php?rest_route=\/wp\/v2\/posts\/5689\/revisions\/5691"}],"wp:featuredmedia":[{"embeddable":true,"href":"https:\/\/www.paparazzinews.com.br\/index.php?rest_route=\/wp\/v2\/media\/5690"}],"wp:attachment":[{"href":"https:\/\/www.paparazzinews.com.br\/index.php?rest_route=%2Fwp%2Fv2%2Fmedia&parent=5689"}],"wp:term":[{"taxonomy":"category","embeddable":true,"href":"https:\/\/www.paparazzinews.com.br\/index.php?rest_route=%2Fwp%2Fv2%2Fcategories&post=5689"},{"taxonomy":"post_tag","embeddable":true,"href":"https:\/\/www.paparazzinews.com.br\/index.php?rest_route=%2Fwp%2Fv2%2Ftags&post=5689"}],"curies":[{"name":"wp","href":"https:\/\/api.w.org\/{rel}","templated":true}]}}