{"id":5663,"date":"2023-09-14T16:36:52","date_gmt":"2023-09-14T19:36:52","guid":{"rendered":"https:\/\/www.paparazzinews.com.br\/?p=5663"},"modified":"2023-09-14T16:36:53","modified_gmt":"2023-09-14T19:36:53","slug":"espetaculo-acqua-encantos-do-fundo-mar-faz-quatro-sessoes-gratuitas","status":"publish","type":"post","link":"https:\/\/www.paparazzinews.com.br\/?p=5663","title":{"rendered":"Espet\u00e1culo \u2018Acqua &#8211; Encantos do Fundo Mar\u2019 faz quatro sess\u00f5es gratuitas"},"content":{"rendered":"\n<p><strong>Ilha Solteira, 14 de setembro &#8211;<\/strong>&nbsp;A segunda edi\u00e7\u00e3o do projeto Trilhar &#8211; A Arte que Transforma &#8211; proporciona mais uma vez cultura e lazer gratuito para a popula\u00e7\u00e3o de Ilha Solteira (SP). Desta vez, com \u201cAcqua \u2013 Encantos do Fundo do Mar\u201d, espet\u00e1culo de dan\u00e7a de Aline Lencini, que se apresenta pela primeira vez na cidade.<\/p>\n\n\n\n<p>Ser\u00e3o quatro apresenta\u00e7\u00f5es na Casa da Cultura Rachel Dossi: dia 15 de setembro (sexta-feira), \u00e0s 10h e \u00e0s 13h30, para cerca de 1000 alunos de 06 a 12 anos de escolas municipais j\u00e1 selecionadas da rede p\u00fablica; e nos dias 16 (s\u00e1bado) e 17 (domingo), \u00e0s 18h, para o p\u00fablico em geral. Inclusivo &#8211; um dos pilares do Trilhar -, o espet\u00e1culo oferece acesso para cadeirantes e tradu\u00e7\u00e3o para Libras.<\/p>\n\n\n\n<p>Com uma deslumbrante estrutura cenogr\u00e1fica de 14 metros e efeitos visuais de ilumina\u00e7\u00e3o c\u00eanica, o p\u00fablico ir\u00e1 se encantar com uma emocionante hist\u00f3ria que come\u00e7a com uma expedi\u00e7\u00e3o ao fundo do mar e termina com uma linda mensagem sobre ressignificar a import\u00e2ncia de alguns \u201ctesouros\u201d.<\/p>\n\n\n\n<p>Em um espet\u00e1culo de dan\u00e7a repleto de magia e aventura, 20 bailarinos com coreografias cativantes interpretam a hist\u00f3ria de um destemido mergulhador que, ao explorar as profundezas oce\u00e2nicas, encontra uma ador\u00e1vel sereia. Unidos pelo desejo de proteger a vida marinha, embarcam em uma jornada para deter os perigosos piratas que amea\u00e7am o equil\u00edbrio dos oceanos em busca de um tesouro lend\u00e1rio.<\/p>\n\n\n\n<p>O espet\u00e1culo faz o p\u00fablico mergulhar de forma descontra\u00edda em uma viagem cheia de ensinamentos sobre a necessidade da preserva\u00e7\u00e3o dos oceanos e sua diversidade.<\/p>\n\n\n\n<p>\u201cNossas iniciativas s\u00e3o express\u00f5es de cultura que, fazemos quest\u00e3o, sejam de qualidade e que proporcionem emo\u00e7\u00e3o e conhecimento\u201d, afirma Leila Cristhiane, diretora executiva do projeto e da Weimar Cultural.<\/p>\n\n\n\n<p>\u201cProjetos como o Trilhar proporcionam o contato com diferentes formas de express\u00e3o art\u00edstica pela popula\u00e7\u00e3o. \u00c9 o que temos observado em Ilha Solteira e regi\u00e3o. A arte amplia a nossa vis\u00e3o de mundo e realmente transforma. Contribuir com iniciativas como essa, que geram impacto positivo na vida das comunidades em que atuamos, \u00e9 nosso papel\u201d, afirma o Gerente de Sustentabilidade &amp; ESG da CTG Brasil, Ronan Max Prochnow.<\/p>\n\n\n\n<p>O Trilhar &#8211; A Arte Que Transforma, \u00e9 organizado pela Weimar Empreendimentos Art\u00edsticos, com realiza\u00e7\u00e3o do Minist\u00e9rio do Turismo e da Secretaria Especial da Cultura e patroc\u00ednio incentivado da CTG Brasil, uma das l\u00edderes em gera\u00e7\u00e3o de energia limpa no Pa\u00eds e concession\u00e1ria da Usina Hidrel\u00e9trica Ilha Solteira.<\/p>\n\n\n\n<p><strong>Aline Lencini<\/strong><\/p>\n\n\n\n<p>Iniciou os estudos na dan\u00e7a cl\u00e1ssica aos nove anos de idade e se formou bailarina aos 18 em S\u00e3o Paulo. Graduada em Educa\u00e7\u00e3o F\u00edsica pela FESB \u2013 Bragan\u00e7a Paulista e especializa\u00e7\u00e3o em Dan\u00e7a e Consci\u00eancia Corporal pela Universidade Gama Filho. Tem DRT na \u00e1rea e atualmente \u00e9 membro do CID \u2013 Conselho Internacional de Dan\u00e7a.<\/p>\n\n\n\n<p>Participou de renomados festivais de dan\u00e7a pelo Brasil, como Enda, Passo de Arte e Festival de Dan\u00e7a de Joinville, Santa Catarina, e internacionais como o PID \u2013 Pr\u00eamio Internacional de Dan\u00e7a, em Rieti, na It\u00e1lia.<\/p>\n\n\n\n<p>J\u00e1 ministrou aulas e coordenou cursos na S. E. Palmeiras, em S\u00e3o Paulo, Clube de Regatas Bandeirantes, FESB, ONG Viva Vila, em Bragan\u00e7a Paulista, Academia Formar, em Extrema, al\u00e9m de diversos col\u00e9gios particulares.<\/p>\n\n\n\n<p>Produziu in\u00fameros espet\u00e1culos que envolveram pesquisas, dan\u00e7a, m\u00fasica e cenografia, entre eles cl\u00e1ssicos como O Lago dos Cisnes, O Quebra-nozes, O Rei Le\u00e3o, Cinderela, O Pequeno Pr\u00edncipe. Os mais recentes foram o ACQUA \u2013 Encantos do Fundo do Mar, Broadway e a superprodu\u00e7\u00e3o de O Rei do Show, com mais de 100 bailarinos no elenco.<\/p>\n\n\n\n<p><strong>Servi\u00e7o<\/strong><\/p>\n\n\n\n<p><strong>Acqua \u2013 Encantos do Fundo do Mar<\/strong><\/p>\n\n\n\n<p>Casa da Cultura Rachel Dossi \u2013 pra\u00e7a dos Paiagu\u00e1s, s\/n \u2013 Ilha Solteira\/SP<\/p>\n\n\n\n<p>15 de setembro (sexta-feira), \u00e0s 10h e \u00e0s 13h30 (somente para os alunos)<\/p>\n\n\n\n<p>16 (s\u00e1bado) e 17 (domingo), \u00e0s 18h.<\/p>\n\n\n\n<p><strong>Ingresso gratuito:<\/strong>&nbsp;retirar na Pra\u00e7a dos Paiagu\u00e1s, 86, Centro, no Departamento de Cultura, ou uma hora antes, no pr\u00f3prio local.<\/p>\n\n\n\n<p>Classifica\u00e7\u00e3o: livre<\/p>\n\n\n\n<p>Inclusiva: acesso para cadeirantes e Libras<\/p>\n\n\n\n<p><strong><em>Sobre o Projeto Trilhar<\/em><\/strong><\/p>\n\n\n\n<p><em>O projeto Trilhar \u2013 A Arte que Transforma &#8211; leva o p\u00fablico a percorrer os caminhos por onde a arte modifica os v\u00e1rios elementos da terra em obras de extrema beleza pl\u00e1stica (fine art) e a tomar contato com processos de sustentabilidade, a economia criativa.<\/em>&nbsp;<em>N\u00e3o por acaso, a arte \u00e9 tomada como fator paradigm\u00e1tico no Trilhar, pois, em todas as diferentes formas de express\u00e3o, ajuda a elaborar o pensar; a construir e ressignificar coisas, objetos e sentimentos; exercita a imagina\u00e7\u00e3o e faz atentar \u00e0 import\u00e2ncia da hist\u00f3ria e mem\u00f3ria para viver em sociedade. A iniciativa \u00e9 organizada pela Weimar Empreendimentos Art\u00edsticos e conta com o patroc\u00ednio incentivado da CTG Brasil (concession\u00e1ria da Usina Hidrel\u00e9trica Ilha Solteira) e realiza\u00e7\u00e3o do Minist\u00e9rio do Turismo e da Secretaria Especial da Cultura.<\/em><\/p>\n\n\n\n<p><strong><em>Sobre a Weimar Cultural<\/em><\/strong><\/p>\n\n\n\n<p><em>A Weimar Empreendimentos Art\u00edsticos \u00e9 especializada em gest\u00e3o, realiza\u00e7\u00e3o e promo\u00e7\u00e3o de eventos, nas \u00e1reas de m\u00fasica erudita, exposi\u00e7\u00f5es, teatro, dan\u00e7a, livros de arte e festivais.&nbsp;As atividades diversificadas na \u00e1rea cultural percorrem pelo abrangente mercado do empreendedorismo cultural.&nbsp;&nbsp;Por meio da organiza\u00e7\u00e3o e promo\u00e7\u00e3o de eventos, propicia a valoriza\u00e7\u00e3o e a dissemina\u00e7\u00e3o da cultura e fomenta a inclus\u00e3o social estendendo o acesso para o maior n\u00famero de pessoas.&nbsp;&nbsp;<\/em><a href=\"http:\/\/www.weimarcultural.com.br\/\" target=\"_blank\" rel=\"noreferrer noopener\"><em>www.weimarcultural.com.br<\/em><\/a>&nbsp;<\/p>\n\n\n\n<p><em><strong>Sobre a CTG Brasil<\/strong><\/em><\/p>\n\n\n\n<p><em>A CTG Brasil trabalha para desenvolver o mundo com energia limpa em larga escala. Uma das maiores geradoras de energia do Pa\u00eds, conta com a dedica\u00e7\u00e3o de seus talentos locais e est\u00e1 comprometida em contribuir com a matriz energ\u00e9tica brasileira, pautada pela responsabilidade social e respeito ao meio ambiente. A empresa tem investimentos em 17 usinas hidrel\u00e9tricas e 11 parques e\u00f3licos, com capacidade instalada total de 8,3 GW. Criada em 2013, \u00e9 parte da China Three Gorges Corporation, uma das l\u00edderes globais em gera\u00e7\u00e3o de energia limpa.<\/em><\/p>\n\n\n\n<p><strong><em><strong>Participe da comunidade do Canal Roni Paparazzi no Whatsapp e receba as principais not\u00edcias do dia direto no seu celular.<\/strong>\u00a0<a rel=\"noreferrer noopener\" href=\"https:\/\/chat.whatsapp.com\/GsG1XKo0jPOEfjzudWQcml\" target=\"_blank\">\u00a0Clique aqui e se inscreva.<\/a><\/em><\/strong><\/p>\n","protected":false},"excerpt":{"rendered":"<p>Ilha Solteira, 14 de setembro &#8211;&nbsp;A segunda edi\u00e7\u00e3o do projeto Trilhar &#8211; A Arte que Transforma &#8211; proporciona mais uma vez cultura e lazer gratuito para a popula\u00e7\u00e3o de Ilha Solteira (SP). Desta vez, com \u201cAcqua \u2013 Encantos do Fundo do Mar\u201d, espet\u00e1culo de dan\u00e7a de Aline Lencini, que se apresenta pela primeira vez na &hellip;<\/p>\n","protected":false},"author":1,"featured_media":5664,"comment_status":"open","ping_status":"open","sticky":false,"template":"","format":"standard","meta":{"_jetpack_memberships_contains_paid_content":false,"footnotes":"","jetpack_publicize_message":"","jetpack_publicize_feature_enabled":true,"jetpack_social_post_already_shared":false,"jetpack_social_options":{"image_generator_settings":{"template":"highway","default_image_id":0,"enabled":false},"version":2}},"categories":[6],"tags":[],"class_list":["post-5663","post","type-post","status-publish","format-standard","has-post-thumbnail","hentry","category-entretenimento"],"jetpack_publicize_connections":[],"jetpack_featured_media_url":"https:\/\/i0.wp.com\/www.paparazzinews.com.br\/wp-content\/uploads\/2023\/09\/Trilhar_Aline-4-e1694720200973.jpg?fit=1000%2C956&ssl=1","views":"1534","jetpack_likes_enabled":true,"jetpack_sharing_enabled":true,"_links":{"self":[{"href":"https:\/\/www.paparazzinews.com.br\/index.php?rest_route=\/wp\/v2\/posts\/5663","targetHints":{"allow":["GET"]}}],"collection":[{"href":"https:\/\/www.paparazzinews.com.br\/index.php?rest_route=\/wp\/v2\/posts"}],"about":[{"href":"https:\/\/www.paparazzinews.com.br\/index.php?rest_route=\/wp\/v2\/types\/post"}],"author":[{"embeddable":true,"href":"https:\/\/www.paparazzinews.com.br\/index.php?rest_route=\/wp\/v2\/users\/1"}],"replies":[{"embeddable":true,"href":"https:\/\/www.paparazzinews.com.br\/index.php?rest_route=%2Fwp%2Fv2%2Fcomments&post=5663"}],"version-history":[{"count":1,"href":"https:\/\/www.paparazzinews.com.br\/index.php?rest_route=\/wp\/v2\/posts\/5663\/revisions"}],"predecessor-version":[{"id":5665,"href":"https:\/\/www.paparazzinews.com.br\/index.php?rest_route=\/wp\/v2\/posts\/5663\/revisions\/5665"}],"wp:featuredmedia":[{"embeddable":true,"href":"https:\/\/www.paparazzinews.com.br\/index.php?rest_route=\/wp\/v2\/media\/5664"}],"wp:attachment":[{"href":"https:\/\/www.paparazzinews.com.br\/index.php?rest_route=%2Fwp%2Fv2%2Fmedia&parent=5663"}],"wp:term":[{"taxonomy":"category","embeddable":true,"href":"https:\/\/www.paparazzinews.com.br\/index.php?rest_route=%2Fwp%2Fv2%2Fcategories&post=5663"},{"taxonomy":"post_tag","embeddable":true,"href":"https:\/\/www.paparazzinews.com.br\/index.php?rest_route=%2Fwp%2Fv2%2Ftags&post=5663"}],"curies":[{"name":"wp","href":"https:\/\/api.w.org\/{rel}","templated":true}]}}