{"id":5657,"date":"2023-09-14T16:27:54","date_gmt":"2023-09-14T19:27:54","guid":{"rendered":"https:\/\/www.paparazzinews.com.br\/?p=5657"},"modified":"2023-09-14T16:27:55","modified_gmt":"2023-09-14T19:27:55","slug":"comerciante-com-energia-cortada-ha-1-ano-e-preso-furtando-eletricidade","status":"publish","type":"post","link":"https:\/\/www.paparazzinews.com.br\/?p=5657","title":{"rendered":"Comerciante com energia cortada h\u00e1 1 ano \u00e9 preso furtando eletricidade"},"content":{"rendered":"\n<p>Na tarde de quarta-feira (13\/09), policiais civis da 1\u00aa Delegacia de Pol\u00edcia de Tr\u00eas Lagoas (MS), em conjunto com peritos da Pol\u00edcia Cient\u00edfica e funcion\u00e1rios da concession\u00e1ria de energia Elektro, foram at\u00e9 um estabelecimento comercial localizado na Avenida Filinto Muller, em Tr\u00eas Lagoas, a fim de verificar eventual irregularidade envolvendo o fornecimento de energia el\u00e9trica. <\/p>\n\n\n\n<p>No local, em fiscaliza\u00e7\u00e3o ao padr\u00e3o de energia, peritos e funcion\u00e1rios da Elektro identificaram uma liga\u00e7\u00e3o clandestina de energia, pois a unidade consumidora estava desligada desde 29\/07\/2022, por\u00e9m, no local foi identificada uma liga\u00e7\u00e3o \u00e0 revelia, sendo que todo consumo de energia n\u00e3o estava sendo faturado. Foi constatado ainda que tal medidor estava sem os lacres. Al\u00e9m disso, em outro padr\u00e3o de energia existente no estabelecimento, apurou-se que n\u00e3o havia medidor e possu\u00eda uma liga\u00e7\u00e3o direta de uma fase que alimentava duas fritadeiras el\u00e9tricas, causando um preju\u00edzo de aproximadamente R$20.000,00 (vinte mil reais).<\/p>\n\n\n\n<p>Durante a vistoria, ainda foi localizado no interior do ve\u00edculo do propriet\u00e1rio, que se encontrava estacionado na via p\u00fablica, uma arma de fogo do tipo rev\u00f3lver, calibre .357 Mag., de uso restrito, o qual ele n\u00e3o possu\u00eda autoriza\u00e7\u00e3o ou documento obrigat\u00f3rio para portar. O suspeito foi autuado e preso em flagrante pelos crimes de furto qualificado, com pena de 2 a 8 anos, e porte ilegal de arma de fogo de uso restrito, com pena de 3 a 6 anos.<\/p>\n\n\n\n<p>A Pol\u00edcia Civil de Tr\u00eas Lagoas est\u00e1 empenhada em combater o furto de energia el\u00e9trica, infra\u00e7\u00e3o que afeta n\u00e3o apenas as empresas de energia, mas tamb\u00e9m toda a comunidade. O furto de energia \u00e9 uma pr\u00e1tica ilegal que prejudica a sociedade como um todo, aumentando os custos para os consumidores e representando um risco significativo de seguran\u00e7a, como inc\u00eandios e curtos-circuitos, afetando diretamente a vida e a propriedade das pessoas. Para den\u00fancias ou informa\u00e7\u00f5es relacionadas ao furto de energia el\u00e9trica, entre em contato com a Pol\u00edcia Civil pelo telefone 67 3919-1514. O anonimato \u00e9 garantido.<\/p>\n\n\n\n<p><strong><em><strong>Participe da comunidade do Canal Roni Paparazzi no Whatsapp e receba as principais not\u00edcias do dia direto no seu celular.<\/strong>\u00a0<a rel=\"noreferrer noopener\" href=\"https:\/\/chat.whatsapp.com\/GsG1XKo0jPOEfjzudWQcml\" target=\"_blank\">\u00a0Clique aqui e se inscreva.<\/a><\/em><\/strong><\/p>\n","protected":false},"excerpt":{"rendered":"<p>Na tarde de quarta-feira (13\/09), policiais civis da 1\u00aa Delegacia de Pol\u00edcia de Tr\u00eas Lagoas (MS), em conjunto com peritos da Pol\u00edcia Cient\u00edfica e funcion\u00e1rios da concession\u00e1ria de energia Elektro, foram at\u00e9 um estabelecimento comercial localizado na Avenida Filinto Muller, em Tr\u00eas Lagoas, a fim de verificar eventual irregularidade envolvendo o fornecimento de energia el\u00e9trica. &hellip;<\/p>\n","protected":false},"author":1,"featured_media":5658,"comment_status":"open","ping_status":"open","sticky":false,"template":"","format":"standard","meta":{"_jetpack_memberships_contains_paid_content":false,"footnotes":"","jetpack_publicize_message":"","jetpack_publicize_feature_enabled":true,"jetpack_social_post_already_shared":false,"jetpack_social_options":{"image_generator_settings":{"template":"highway","default_image_id":0,"enabled":false},"version":2}},"categories":[3],"tags":[],"class_list":["post-5657","post","type-post","status-publish","format-standard","has-post-thumbnail","hentry","category-policial"],"jetpack_publicize_connections":[],"jetpack_featured_media_url":"https:\/\/i0.wp.com\/www.paparazzinews.com.br\/wp-content\/uploads\/2023\/09\/5d93409b-1e79-49f5-9db2-84452005b62a-e1694719648695.jpg?fit=1000%2C750&ssl=1","views":"4060","jetpack_likes_enabled":true,"jetpack_sharing_enabled":true,"_links":{"self":[{"href":"https:\/\/www.paparazzinews.com.br\/index.php?rest_route=\/wp\/v2\/posts\/5657","targetHints":{"allow":["GET"]}}],"collection":[{"href":"https:\/\/www.paparazzinews.com.br\/index.php?rest_route=\/wp\/v2\/posts"}],"about":[{"href":"https:\/\/www.paparazzinews.com.br\/index.php?rest_route=\/wp\/v2\/types\/post"}],"author":[{"embeddable":true,"href":"https:\/\/www.paparazzinews.com.br\/index.php?rest_route=\/wp\/v2\/users\/1"}],"replies":[{"embeddable":true,"href":"https:\/\/www.paparazzinews.com.br\/index.php?rest_route=%2Fwp%2Fv2%2Fcomments&post=5657"}],"version-history":[{"count":1,"href":"https:\/\/www.paparazzinews.com.br\/index.php?rest_route=\/wp\/v2\/posts\/5657\/revisions"}],"predecessor-version":[{"id":5659,"href":"https:\/\/www.paparazzinews.com.br\/index.php?rest_route=\/wp\/v2\/posts\/5657\/revisions\/5659"}],"wp:featuredmedia":[{"embeddable":true,"href":"https:\/\/www.paparazzinews.com.br\/index.php?rest_route=\/wp\/v2\/media\/5658"}],"wp:attachment":[{"href":"https:\/\/www.paparazzinews.com.br\/index.php?rest_route=%2Fwp%2Fv2%2Fmedia&parent=5657"}],"wp:term":[{"taxonomy":"category","embeddable":true,"href":"https:\/\/www.paparazzinews.com.br\/index.php?rest_route=%2Fwp%2Fv2%2Fcategories&post=5657"},{"taxonomy":"post_tag","embeddable":true,"href":"https:\/\/www.paparazzinews.com.br\/index.php?rest_route=%2Fwp%2Fv2%2Ftags&post=5657"}],"curies":[{"name":"wp","href":"https:\/\/api.w.org\/{rel}","templated":true}]}}