{"id":5654,"date":"2023-09-14T16:22:01","date_gmt":"2023-09-14T19:22:01","guid":{"rendered":"https:\/\/www.paparazzinews.com.br\/?p=5654"},"modified":"2023-09-14T16:22:02","modified_gmt":"2023-09-14T19:22:02","slug":"homem-preso-por-ameacar-a-ex-companheira-passa-a-ser-monitorado-com-tornozeleira-eletronica","status":"publish","type":"post","link":"https:\/\/www.paparazzinews.com.br\/?p=5654","title":{"rendered":"Homem preso por amea\u00e7ar a ex-companheira passa a ser monitorado com tornozeleira eletr\u00f4nica"},"content":{"rendered":"\n<p>Em um expressivo avan\u00e7o na prote\u00e7\u00e3o das mulheres v\u00edtimas de viol\u00eancia, a coopera\u00e7\u00e3o entre a Secretaria de Seguran\u00e7a P\u00fablica e o Tribunal de Justi\u00e7a de S\u00e3o Paulo (TJ-SP) resultou no monitoramento por meio de tornozeleira eletr\u00f4nica do primeiro preso por viol\u00eancia dom\u00e9stica. A medida foi determina em audi\u00eancia de cust\u00f3dia na \u00faltima ter\u00e7a-feira (12), um dia depois do acusado ter sido preso em flagrante no dia anterior pela Pol\u00edcia Militar nas proximidades da resid\u00eancia da v\u00edtima.&nbsp;<\/p>\n\n\n\n<p>A partir de agora, o homem de 22 anos, detido por amea\u00e7a e inj\u00faria, ter\u00e1 seus movimentos monitorados em tempo real pelas for\u00e7as de seguran\u00e7a do Estado, com a proibi\u00e7\u00e3o de contatar a v\u00edtima ou aproximar-se a menos de 300 metros dela. A ex-companheira, de 19 anos, relatou que tem uma filha com o acusado, de quem est\u00e1 separada h\u00e1 dois meses. Neste per\u00edodo, ela passou a ser amea\u00e7ada de morte por ele por meio de liga\u00e7\u00f5es, mensagens e at\u00e9 presencialmente.&nbsp;<\/p>\n\n\n\n<p>&#8220;A possibilidade de monitorar um preso por viol\u00eancia dom\u00e9stica \u00e9 um gigantesco avan\u00e7o no combate aos crimes contra a mulher. E o projeto de monitoramento com tornozeleiras eletr\u00f4nicas vai muito al\u00e9m. Queremos, com ele, diminuir a reincid\u00eancia criminal, que \u00e9 um dos grandes problemas no combate \u00e0 criminalidade&#8221;, afirma o secret\u00e1rio de Seguran\u00e7a P\u00fablica, Guilherme Derrite.<\/p>\n\n\n\n<p>Desde segunda, outros dois acusados soltos em audi\u00eancias de cust\u00f3dia receberam tornozeleiras eletr\u00f4nicas. O primeiro foi sentenciado a 6 meses em regime aberto por embriaguez ao volante. O outro a 2 anos em regime aberto por furto.<\/p>\n\n\n\n<p><strong>Projeto pioneiro<\/strong><\/p>\n\n\n\n<p>O projeto de monitoramento com tornozeleira eletr\u00f4nica de criminosos soltos em audi\u00eancias de cust\u00f3dia \u00e9 fruto de um termo de coopera\u00e7\u00e3o entre a Secretaria da Seguran\u00e7a P\u00fablica e o Tribunal de Justi\u00e7a de S\u00e3o Paulo (TJ-SP).<\/p>\n\n\n\n<p>Est\u00e3o dispon\u00edveis 200 tornozeleiras para serem usadas, a princ\u00edpio, em todas as pris\u00f5es registradas na capital, a crit\u00e9rio do juiz. A previs\u00e3o \u00e9 que o n\u00famero de tornozeleiras seja expandido gradualmente. A Administra\u00e7\u00e3o Penitenci\u00e1ria renovou a contrata\u00e7\u00e3o dos servi\u00e7os para 8 mil tornozeleiras, e a Seguran\u00e7a P\u00fablica est\u00e1 finalizando o edital da licita\u00e7\u00e3o que vai suprir a expans\u00e3o.<\/p>\n\n\n\n<p><strong><em><strong>Participe da comunidade do Canal Roni Paparazzi no Whatsapp e receba as principais not\u00edcias do dia direto no seu celular.<\/strong>\u00a0<a rel=\"noreferrer noopener\" href=\"https:\/\/chat.whatsapp.com\/GsG1XKo0jPOEfjzudWQcml\" target=\"_blank\">\u00a0Clique aqui e se inscreva.<\/a><\/em><\/strong><\/p>\n","protected":false},"excerpt":{"rendered":"<p>Em um expressivo avan\u00e7o na prote\u00e7\u00e3o das mulheres v\u00edtimas de viol\u00eancia, a coopera\u00e7\u00e3o entre a Secretaria de Seguran\u00e7a P\u00fablica e o Tribunal de Justi\u00e7a de S\u00e3o Paulo (TJ-SP) resultou no monitoramento por meio de tornozeleira eletr\u00f4nica do primeiro preso por viol\u00eancia dom\u00e9stica. A medida foi determina em audi\u00eancia de cust\u00f3dia na \u00faltima ter\u00e7a-feira (12), um &hellip;<\/p>\n","protected":false},"author":1,"featured_media":5655,"comment_status":"open","ping_status":"open","sticky":false,"template":"","format":"standard","meta":{"_jetpack_memberships_contains_paid_content":false,"footnotes":"","jetpack_publicize_message":"","jetpack_publicize_feature_enabled":true,"jetpack_social_post_already_shared":false,"jetpack_social_options":{"image_generator_settings":{"template":"highway","default_image_id":0,"enabled":false},"version":2}},"categories":[3],"tags":[],"class_list":["post-5654","post","type-post","status-publish","format-standard","has-post-thumbnail","hentry","category-policial"],"jetpack_publicize_connections":[],"jetpack_featured_media_url":"https:\/\/i0.wp.com\/www.paparazzinews.com.br\/wp-content\/uploads\/2023\/09\/00051349.png?fit=800%2C454&ssl=1","views":"2812","jetpack_likes_enabled":true,"jetpack_sharing_enabled":true,"_links":{"self":[{"href":"https:\/\/www.paparazzinews.com.br\/index.php?rest_route=\/wp\/v2\/posts\/5654","targetHints":{"allow":["GET"]}}],"collection":[{"href":"https:\/\/www.paparazzinews.com.br\/index.php?rest_route=\/wp\/v2\/posts"}],"about":[{"href":"https:\/\/www.paparazzinews.com.br\/index.php?rest_route=\/wp\/v2\/types\/post"}],"author":[{"embeddable":true,"href":"https:\/\/www.paparazzinews.com.br\/index.php?rest_route=\/wp\/v2\/users\/1"}],"replies":[{"embeddable":true,"href":"https:\/\/www.paparazzinews.com.br\/index.php?rest_route=%2Fwp%2Fv2%2Fcomments&post=5654"}],"version-history":[{"count":1,"href":"https:\/\/www.paparazzinews.com.br\/index.php?rest_route=\/wp\/v2\/posts\/5654\/revisions"}],"predecessor-version":[{"id":5656,"href":"https:\/\/www.paparazzinews.com.br\/index.php?rest_route=\/wp\/v2\/posts\/5654\/revisions\/5656"}],"wp:featuredmedia":[{"embeddable":true,"href":"https:\/\/www.paparazzinews.com.br\/index.php?rest_route=\/wp\/v2\/media\/5655"}],"wp:attachment":[{"href":"https:\/\/www.paparazzinews.com.br\/index.php?rest_route=%2Fwp%2Fv2%2Fmedia&parent=5654"}],"wp:term":[{"taxonomy":"category","embeddable":true,"href":"https:\/\/www.paparazzinews.com.br\/index.php?rest_route=%2Fwp%2Fv2%2Fcategories&post=5654"},{"taxonomy":"post_tag","embeddable":true,"href":"https:\/\/www.paparazzinews.com.br\/index.php?rest_route=%2Fwp%2Fv2%2Ftags&post=5654"}],"curies":[{"name":"wp","href":"https:\/\/api.w.org\/{rel}","templated":true}]}}