{"id":5648,"date":"2023-09-14T16:18:11","date_gmt":"2023-09-14T19:18:11","guid":{"rendered":"https:\/\/www.paparazzinews.com.br\/?p=5648"},"modified":"2023-09-14T16:18:12","modified_gmt":"2023-09-14T19:18:12","slug":"estao-presos-8-integrantes-da-gangue-da-pedrada","status":"publish","type":"post","link":"https:\/\/www.paparazzinews.com.br\/?p=5648","title":{"rendered":"Est\u00e3o presos 8 integrantes da &#8220;Gangue da Pedrada&#8221;"},"content":{"rendered":"\n<p>A Pol\u00edcia Civil, por meio do 1\u00ba Distrito Policial, identificou e prendeu oito suspeitos de integrarem a &#8220;Gangue da Pedrada&#8221;, tamb\u00e9m conhecida por &#8220;Gangue da Bicicleta\/Gangue dos Quebra-Vidros\u201d, grupo envolvido em roubos e furtos de celulares que atua na regi\u00e3o central de S\u00e3o Paulo.<\/p>\n\n\n\n<p>A a\u00e7\u00e3o dos policiais permitiu, durante as investiga\u00e7\u00f5es, colher informa\u00e7\u00f5es da atua\u00e7\u00e3o dos envolvidos nos crimes registrados na \u00e1rea do 1\u00ba DP. Em decorr\u00eancia do inqu\u00e9rito que apura a pr\u00e1tica dos crimes, a Justi\u00e7a autorizou o cumprimento de mandados de busca e apreens\u00e3o em dois pr\u00e9dios do centro da capital paulista na quarta-feira (13).<\/p>\n\n\n\n<p>O grupo rouba celulares de dentro de ve\u00edculos em movimento. Ap\u00f3s o crime, o celular roubado \u00e9 entregue a outros integrantes do bando, que s\u00e3o respons\u00e1veis por acessar os aplicativos banc\u00e1rios para fazer uma devassa nas contas das v\u00edtimas. Posteriormente, os celulares s\u00e3o vendidos para terceiros, conforme indicaram as investiga\u00e7\u00f5es.<\/p>\n\n\n\n<p>Nas buscas realizadas ontem, os policiais recolheram 11 celulares, sendo dois deles com registro de roubo, computadores e m\u00e1quinas de cart\u00e3o. Em outro apartamento, os investigadores recolheram v\u00e1rias por\u00e7\u00f5es de drogas, como maconha e coca\u00edna, prontas para serem vendidas, muni\u00e7\u00f5es e uma granada.<\/p>\n\n\n\n<p>Os bandidos identificados e presos v\u00e3o responder por associa\u00e7\u00e3o criminosa, recepta\u00e7\u00e3o e invas\u00e3o de dispositivo inform\u00e1tico. Ainda conforme a pol\u00edcia, dos oito presos, sete j\u00e1 possu\u00edam passagens criminais e um estava em sa\u00edda tempor\u00e1ria.<\/p>\n\n\n\n<p>No come\u00e7o de agosto, outros oito criminosos ligados ao bando foram presos pelos policiais do 1\u00ba DP. Na \u00e9poca, o grupo foi flagrado entrando em um pr\u00e9dio que era utilizado como \u201cescrit\u00f3rio do crime\u201d. Com eles havia v\u00e1rios itens roubados, como telefones celulares, e outros usados nos crimes, como m\u00e1quinas de cart\u00e3o, bicicletas e um artefato para quebrar vidros de autom\u00f3veis.<\/p>\n\n\n\n<p><strong><em><strong>Participe da comunidade do Canal Roni Paparazzi no Whatsapp e receba as principais not\u00edcias do dia direto no seu celular.<\/strong>\u00a0<a rel=\"noreferrer noopener\" href=\"https:\/\/chat.whatsapp.com\/GsG1XKo0jPOEfjzudWQcml\" target=\"_blank\">\u00a0Clique aqui e se inscreva.<\/a><\/em><\/strong><\/p>\n","protected":false},"excerpt":{"rendered":"<p>A Pol\u00edcia Civil, por meio do 1\u00ba Distrito Policial, identificou e prendeu oito suspeitos de integrarem a &#8220;Gangue da Pedrada&#8221;, tamb\u00e9m conhecida por &#8220;Gangue da Bicicleta\/Gangue dos Quebra-Vidros\u201d, grupo envolvido em roubos e furtos de celulares que atua na regi\u00e3o central de S\u00e3o Paulo. A a\u00e7\u00e3o dos policiais permitiu, durante as investiga\u00e7\u00f5es, colher informa\u00e7\u00f5es da &hellip;<\/p>\n","protected":false},"author":1,"featured_media":5649,"comment_status":"open","ping_status":"open","sticky":false,"template":"","format":"standard","meta":{"_jetpack_memberships_contains_paid_content":false,"footnotes":"","jetpack_publicize_message":"","jetpack_publicize_feature_enabled":true,"jetpack_social_post_already_shared":false,"jetpack_social_options":{"image_generator_settings":{"template":"highway","default_image_id":0,"enabled":false},"version":2}},"categories":[3],"tags":[],"class_list":["post-5648","post","type-post","status-publish","format-standard","has-post-thumbnail","hentry","category-policial"],"jetpack_publicize_connections":[],"jetpack_featured_media_url":"https:\/\/i0.wp.com\/www.paparazzinews.com.br\/wp-content\/uploads\/2023\/09\/00051352.png?fit=800%2C427&ssl=1","views":"1301","jetpack_likes_enabled":true,"jetpack_sharing_enabled":true,"_links":{"self":[{"href":"https:\/\/www.paparazzinews.com.br\/index.php?rest_route=\/wp\/v2\/posts\/5648","targetHints":{"allow":["GET"]}}],"collection":[{"href":"https:\/\/www.paparazzinews.com.br\/index.php?rest_route=\/wp\/v2\/posts"}],"about":[{"href":"https:\/\/www.paparazzinews.com.br\/index.php?rest_route=\/wp\/v2\/types\/post"}],"author":[{"embeddable":true,"href":"https:\/\/www.paparazzinews.com.br\/index.php?rest_route=\/wp\/v2\/users\/1"}],"replies":[{"embeddable":true,"href":"https:\/\/www.paparazzinews.com.br\/index.php?rest_route=%2Fwp%2Fv2%2Fcomments&post=5648"}],"version-history":[{"count":1,"href":"https:\/\/www.paparazzinews.com.br\/index.php?rest_route=\/wp\/v2\/posts\/5648\/revisions"}],"predecessor-version":[{"id":5650,"href":"https:\/\/www.paparazzinews.com.br\/index.php?rest_route=\/wp\/v2\/posts\/5648\/revisions\/5650"}],"wp:featuredmedia":[{"embeddable":true,"href":"https:\/\/www.paparazzinews.com.br\/index.php?rest_route=\/wp\/v2\/media\/5649"}],"wp:attachment":[{"href":"https:\/\/www.paparazzinews.com.br\/index.php?rest_route=%2Fwp%2Fv2%2Fmedia&parent=5648"}],"wp:term":[{"taxonomy":"category","embeddable":true,"href":"https:\/\/www.paparazzinews.com.br\/index.php?rest_route=%2Fwp%2Fv2%2Fcategories&post=5648"},{"taxonomy":"post_tag","embeddable":true,"href":"https:\/\/www.paparazzinews.com.br\/index.php?rest_route=%2Fwp%2Fv2%2Ftags&post=5648"}],"curies":[{"name":"wp","href":"https:\/\/api.w.org\/{rel}","templated":true}]}}