{"id":5639,"date":"2023-09-13T17:33:44","date_gmt":"2023-09-13T20:33:44","guid":{"rendered":"https:\/\/www.paparazzinews.com.br\/?p=5639"},"modified":"2023-09-13T17:33:45","modified_gmt":"2023-09-13T20:33:45","slug":"dia-da-consciencia-negra-agora-e-feriado-estadual-em-sp","status":"publish","type":"post","link":"https:\/\/www.paparazzinews.com.br\/?p=5639","title":{"rendered":"Dia da Consci\u00eancia Negra agora \u00e9 feriado estadual em SP"},"content":{"rendered":"\n<p>O governador Tarc\u00edsio de Freitas sancionou nesta ter\u00e7a-feira (13) o projeto de lei 370 de 2023, que institui em todo o Estado de S\u00e3o Paulo o Dia Estadual da Consci\u00eancia Negra, j\u00e1 celebrado em 20 de novembro por algumas cidades. A lei saiu no Di\u00e1rio Oficial desta quarta (13) e vale a partir da sua publica\u00e7\u00e3o.<\/p>\n\n\n\n<p>A data \u00e9 uma homenagem a Zumbi dos Palmares, que morreu em 20 de novembro. Ele foi um dos \u00faltimos l\u00edderes do Quilombo dos Palmares durante o per\u00edodo do Brasil-Col\u00f4nia e ficou conhecido por representar a resist\u00eancia e a luta contra a opress\u00e3o da escravid\u00e3o.<\/p>\n\n\n\n<p>A efem\u00e9ride tem o objetivo de potencializar a import\u00e2ncia do debate sobre o povo e a cultura africana no Brasil, seja por meio da m\u00fasica, da pol\u00edtica, da religi\u00e3o ou da gastronomia, entre v\u00e1rias outras \u00e1reas.<\/p>\n\n\n\n<p><em><strong>Participe da comunidade do Canal Roni Paparazzi no Whatsapp e receba as principais not\u00edcias do dia direto no seu celular.<\/strong>\u00a0<a rel=\"noreferrer noopener\" href=\"https:\/\/chat.whatsapp.com\/GsG1XKo0jPOEfjzudWQcml\" target=\"_blank\">\u00a0Clique aqui e se inscreva.<\/a><\/em><\/p>\n","protected":false},"excerpt":{"rendered":"<p>O governador Tarc\u00edsio de Freitas sancionou nesta ter\u00e7a-feira (13) o projeto de lei 370 de 2023, que institui em todo o Estado de S\u00e3o Paulo o Dia Estadual da Consci\u00eancia Negra, j\u00e1 celebrado em 20 de novembro por algumas cidades. A lei saiu no Di\u00e1rio Oficial desta quarta (13) e vale a partir da sua &hellip;<\/p>\n","protected":false},"author":1,"featured_media":5640,"comment_status":"open","ping_status":"open","sticky":false,"template":"","format":"standard","meta":{"_jetpack_memberships_contains_paid_content":false,"footnotes":"","jetpack_publicize_message":"","jetpack_publicize_feature_enabled":true,"jetpack_social_post_already_shared":false,"jetpack_social_options":{"image_generator_settings":{"template":"highway","default_image_id":0,"enabled":false},"version":2}},"categories":[4],"tags":[],"class_list":["post-5639","post","type-post","status-publish","format-standard","has-post-thumbnail","hentry","category-regiao"],"jetpack_publicize_connections":[],"jetpack_featured_media_url":"https:\/\/i0.wp.com\/www.paparazzinews.com.br\/wp-content\/uploads\/2023\/09\/a572196eba3337e6f85e6cca46babe32.jpg?fit=799%2C534&ssl=1","views":"1900","jetpack_likes_enabled":true,"jetpack_sharing_enabled":true,"_links":{"self":[{"href":"https:\/\/www.paparazzinews.com.br\/index.php?rest_route=\/wp\/v2\/posts\/5639","targetHints":{"allow":["GET"]}}],"collection":[{"href":"https:\/\/www.paparazzinews.com.br\/index.php?rest_route=\/wp\/v2\/posts"}],"about":[{"href":"https:\/\/www.paparazzinews.com.br\/index.php?rest_route=\/wp\/v2\/types\/post"}],"author":[{"embeddable":true,"href":"https:\/\/www.paparazzinews.com.br\/index.php?rest_route=\/wp\/v2\/users\/1"}],"replies":[{"embeddable":true,"href":"https:\/\/www.paparazzinews.com.br\/index.php?rest_route=%2Fwp%2Fv2%2Fcomments&post=5639"}],"version-history":[{"count":1,"href":"https:\/\/www.paparazzinews.com.br\/index.php?rest_route=\/wp\/v2\/posts\/5639\/revisions"}],"predecessor-version":[{"id":5641,"href":"https:\/\/www.paparazzinews.com.br\/index.php?rest_route=\/wp\/v2\/posts\/5639\/revisions\/5641"}],"wp:featuredmedia":[{"embeddable":true,"href":"https:\/\/www.paparazzinews.com.br\/index.php?rest_route=\/wp\/v2\/media\/5640"}],"wp:attachment":[{"href":"https:\/\/www.paparazzinews.com.br\/index.php?rest_route=%2Fwp%2Fv2%2Fmedia&parent=5639"}],"wp:term":[{"taxonomy":"category","embeddable":true,"href":"https:\/\/www.paparazzinews.com.br\/index.php?rest_route=%2Fwp%2Fv2%2Fcategories&post=5639"},{"taxonomy":"post_tag","embeddable":true,"href":"https:\/\/www.paparazzinews.com.br\/index.php?rest_route=%2Fwp%2Fv2%2Ftags&post=5639"}],"curies":[{"name":"wp","href":"https:\/\/api.w.org\/{rel}","templated":true}]}}