{"id":563,"date":"2022-08-31T12:07:36","date_gmt":"2022-08-31T15:07:36","guid":{"rendered":"https:\/\/www.paparazzinews.com.br\/?p=563"},"modified":"2022-08-31T12:07:38","modified_gmt":"2022-08-31T15:07:38","slug":"criancas-aprendem-a-cultivar-plantas","status":"publish","type":"post","link":"https:\/\/www.paparazzinews.com.br\/?p=563","title":{"rendered":"Crian\u00e7as aprendem a cultivar plantas"},"content":{"rendered":"\n<p>Neste finalzinho de agosto, a Secretaria de Assist\u00eancia Social e Cidadania (SASC) e a SAMAT (Agricultura, Meio Ambiente e Turismo \u2013 respectivamente) iniciaram uma nova parceria que promete render bons frutos tanto para o meio ambiente, quanto para a sa\u00fade em geral, al\u00e9m de promover grandes aprendizados.<\/p>\n\n\n\n<p>De acordo com a psic\u00f3loga Raquel da Silva Jorge Gregolin, o engenheiro agr\u00f4nomo Rodolfo Scapim e Cristiane Souza, ligados \u00e0 SAMAT, est\u00e3o ensinando as crian\u00e7as do projeto RENASCER como realizar o plantio correto e acompanhar o desenvolvimento saud\u00e1vel de v\u00e1rias esp\u00e9cies de plantas que v\u00e3o de ervas medicinais \u00e0s \u00e1rvores frut\u00edferas, passando, inclusive, por algumas nativas de nossa regi\u00e3o.<\/p>\n\n\n\n<p><strong>ALCANCE DO PROGRAMA<\/strong>&nbsp;&#8211; O novo programa que \u00e9 acompanhado de perto pelas Assistentes Sociais Margarida Lopo e a Educadora Social Adriana Aparecida de Sousa (CRAS), mobilizou um total de 30 crian\u00e7as que participam das atividades vespertinas, com idades que variam entre os 06 at\u00e9 os 15 anos de idade. Mas segundo Margarida, todas as crian\u00e7as do RENASCER participar\u00e3o das atividades semanais, atingindo uma clientela de 57 jovens. Conforme o relato de Rodolfo e Cristiane, as aulas t\u00eam sido animadas e muito produtivas:<\/p>\n\n\n\n<blockquote class=\"wp-block-quote is-layout-flow wp-block-quote-is-layout-flow\"><p>\u201c<em><strong>Tanto os mais pequenos quanto os adolescentes s\u00e3o curiosos por natureza e perguntam tudo, o tempo todo. Tamb\u00e9m s\u00e3o pr\u00f3-ativos e atentos aos detalhes, aprendendo os segredos dos cuidados com o plantio de forma r\u00e1pida<\/strong><\/em>\u201d, observa Rodolfo.<\/p><\/blockquote>\n\n\n\n<p><strong>OBJETIVOS DOS ENCONTROS<\/strong>&nbsp;&#8211; A nova a\u00e7\u00e3o conjunta das duas secretarias come\u00e7ou nesta segunda-feira, dia 29, com um primeiro encontro realizado no Park Aqu\u00e1tico municipal. Durante as primeiras aulas, Cris e Rodolfo deram principal aten\u00e7\u00e3o ao plantio de ervas medicinais e condimentares (temperos), mas a proposta incluir\u00e1 v\u00e1rias outras esp\u00e9cies:<\/p>\n\n\n\n<blockquote class=\"wp-block-quote is-layout-flow wp-block-quote-is-layout-flow\"><p>\u201c<em><strong>A escolha das ervas e condimentos tem como objetivo uma outra a\u00e7\u00e3o conjunta realizada por todas as secretarias municipais, que \u00e9 o programa Prefeitura na \u00c1rea, que visitar\u00e1 os principais bairros urbanos de Castilho neste segundo semestre do ano, levando v\u00e1rios atrativos aos moradores e tamb\u00e9m informa\u00e7\u00f5es pr\u00e1ticas sobre o funcionamento dos diferentes servi\u00e7os prestados \u00e0 comunidade. Nestas ocasi\u00f5es, pretendemos doar estas mudas de plantas \u00e0s fam\u00edlias interessadas, permitindo assim que desfrutem de suas propriedades medicinais e culin\u00e1rias bastante apreciadas por todos<\/strong><\/em>\u201d, explica Cristiane.<\/p><\/blockquote>\n\n\n\n<p>E as aulas s\u00e3o bastante instrutivas. Durante este e os pr\u00f3ximos encontros, Rodolfo e Cristiane est\u00e3o ensinando as crian\u00e7as cuidados importantes como o equil\u00edbrio necess\u00e1rio na hora de misturar terra e nutrientes indispens\u00e1veis ao crescimento das plantas, a quantidade correta de \u00e1gua e a regularidade da irriga\u00e7\u00e3o, a profundidade ideal para o desenvolvimento produtivo das diferentes esp\u00e9cies e muitas outras curiosidades.<\/p>\n\n\n\n<blockquote class=\"wp-block-quote is-layout-flow wp-block-quote-is-layout-flow\"><p>\u201c<em><strong>Neste primeiro encontro eles aprenderam a cultivar plantas que a grande maioria nunca havia visto pessoalmente, como o morango, por exemplo, al\u00e9m de&nbsp;<\/strong><\/em><em><strong>plantarem&nbsp;<\/strong><\/em><em><strong>alfazema, erva doce e alecrim. Importante destacarmos que a variedade \u00e9 importante. Al\u00e9m de plantas frut\u00edferas, temos aquelas com finalidades repelentes que ajudam a expulsar o Aedes aegypti, transmissor da dengue, zika e chikungunya, por exemplo. Com as explica\u00e7\u00f5es de uso variado para cada planta, as aulas se tornam ainda mais animadas e prendem a aten\u00e7\u00e3o dos alunos<\/strong><\/em>\u201d, avalia Rodolfo.<\/p><\/blockquote>\n\n\n\n<p>Os encontros entre o engenheiro, equipes t\u00e9cnicas e crian\u00e7as do RENASCER ser\u00e3o semanais e a expectativa de produ\u00e7\u00e3o baseada neste primeiro dia do programa, \u00e9 que pelo menos 500 mudas sejam produzidas mensalmente pelas crian\u00e7as e adolescentes.<\/p>\n","protected":false},"excerpt":{"rendered":"<p>Neste finalzinho de agosto, a Secretaria de Assist\u00eancia Social e Cidadania (SASC) e a SAMAT (Agricultura, Meio Ambiente e Turismo \u2013 respectivamente) iniciaram uma nova parceria que promete render bons frutos tanto para o meio ambiente, quanto para a sa\u00fade em geral, al\u00e9m de promover grandes aprendizados. De acordo com a psic\u00f3loga Raquel da Silva &hellip;<\/p>\n","protected":false},"author":1,"featured_media":564,"comment_status":"open","ping_status":"open","sticky":false,"template":"","format":"standard","meta":{"_jetpack_memberships_contains_paid_content":false,"footnotes":"","jetpack_publicize_message":"","jetpack_publicize_feature_enabled":true,"jetpack_social_post_already_shared":false,"jetpack_social_options":{"image_generator_settings":{"template":"highway","default_image_id":0,"enabled":false},"version":2}},"categories":[4],"tags":[],"class_list":["post-563","post","type-post","status-publish","format-standard","has-post-thumbnail","hentry","category-regiao"],"jetpack_publicize_connections":[],"jetpack_featured_media_url":"https:\/\/i0.wp.com\/www.paparazzinews.com.br\/wp-content\/uploads\/2022\/08\/c921741def198ff6a74c9130eee2686e.jpg?fit=800%2C450&ssl=1","views":"3255","jetpack_likes_enabled":true,"jetpack_sharing_enabled":true,"_links":{"self":[{"href":"https:\/\/www.paparazzinews.com.br\/index.php?rest_route=\/wp\/v2\/posts\/563","targetHints":{"allow":["GET"]}}],"collection":[{"href":"https:\/\/www.paparazzinews.com.br\/index.php?rest_route=\/wp\/v2\/posts"}],"about":[{"href":"https:\/\/www.paparazzinews.com.br\/index.php?rest_route=\/wp\/v2\/types\/post"}],"author":[{"embeddable":true,"href":"https:\/\/www.paparazzinews.com.br\/index.php?rest_route=\/wp\/v2\/users\/1"}],"replies":[{"embeddable":true,"href":"https:\/\/www.paparazzinews.com.br\/index.php?rest_route=%2Fwp%2Fv2%2Fcomments&post=563"}],"version-history":[{"count":1,"href":"https:\/\/www.paparazzinews.com.br\/index.php?rest_route=\/wp\/v2\/posts\/563\/revisions"}],"predecessor-version":[{"id":565,"href":"https:\/\/www.paparazzinews.com.br\/index.php?rest_route=\/wp\/v2\/posts\/563\/revisions\/565"}],"wp:featuredmedia":[{"embeddable":true,"href":"https:\/\/www.paparazzinews.com.br\/index.php?rest_route=\/wp\/v2\/media\/564"}],"wp:attachment":[{"href":"https:\/\/www.paparazzinews.com.br\/index.php?rest_route=%2Fwp%2Fv2%2Fmedia&parent=563"}],"wp:term":[{"taxonomy":"category","embeddable":true,"href":"https:\/\/www.paparazzinews.com.br\/index.php?rest_route=%2Fwp%2Fv2%2Fcategories&post=563"},{"taxonomy":"post_tag","embeddable":true,"href":"https:\/\/www.paparazzinews.com.br\/index.php?rest_route=%2Fwp%2Fv2%2Ftags&post=563"}],"curies":[{"name":"wp","href":"https:\/\/api.w.org\/{rel}","templated":true}]}}