{"id":5621,"date":"2023-09-13T14:21:01","date_gmt":"2023-09-13T17:21:01","guid":{"rendered":"https:\/\/www.paparazzinews.com.br\/?p=5621"},"modified":"2023-09-13T14:21:02","modified_gmt":"2023-09-13T17:21:02","slug":"festival-de-dancas-na-argentina-garantiu-21-premiacoes","status":"publish","type":"post","link":"https:\/\/www.paparazzinews.com.br\/?p=5621","title":{"rendered":"Festival de dan\u00e7as na Argentina garantiu 21 premia\u00e7\u00f5es"},"content":{"rendered":"\n<p>Andradina foi destaque no 28\u00ba Festival Internacional de \u201cDanzas Del Mercosur\u201d, que aconteceu de 6 \u00e0 10 de setembro na cidade de Puerto Iguazu, na Argentina. O Festival valoriza a cultura, sendo um incentivador e descobridor de grandes talentos no universo da dan\u00e7a.<br><br>A cidade foi representada pelo grupo Conex\u00e3o Daniel&#8217;s, que competiu nas modalidades Dan\u00e7as de Sal\u00e3o, dan\u00e7a contempor\u00e2nea, Jazz, Dan\u00e7as Urbanas, Dan\u00e7a do Ventre, Dan\u00e7a Gospel, Tribal e Estilo Livre. Ao todo o grupo conquistou 18 medalhas individuais e 3 trof\u00e9us de grupo, incluindo um primeiro lugar em uma apresenta\u00e7\u00e3o de \u201cTango\u201d. \u201cVencemos os argentinos no territ\u00f3rio deles, sobre regras deles e no ritmo deles\u201d, disse.<\/p>\n\n\n\n<p>O grupo se preparou por 4 meses e teve o incentivo da Secretaria de Esportes, Cultura, Lazer e Juventude. \u201cRepresentamos o Brasil e Andradina nas categorias: Juvenil, Juvenil Avan\u00e7ado, Adulto e Adulto Avan\u00e7ado, numa competi\u00e7\u00e3o de n\u00edvel elevado\u201d, disse o l\u00edder do Grupo Daniel Romal\u00edcio.<\/p>\n\n\n\n<p>&nbsp;A competi\u00e7\u00e3o re\u00fane milhares de bailarinos e core\u00f3grafos de v\u00e1rios pa\u00edses. \u201cEles conseguiram importantes conquistas durante a competi\u00e7\u00e3o. Parab\u00e9ns a todos pela dedica\u00e7\u00e3o nos ensaios e bel\u00edssima participa\u00e7\u00e3o\u201d, ressaltou o secret\u00e1rio de Esportes, Cultura, Lazer e Juventude.<\/p>\n\n\n\n<p><br>Os resultados foram os seguintes:<\/p>\n\n\n\n<p>1\u00ba Lugar Tango &#8211; Dan\u00e7a de Sal\u00e3o<\/p>\n\n\n\n<p>1\u00ba Lugar dan\u00e7a de rua Dueto &#8211; Monstro de Frankenstein<\/p>\n\n\n\n<p>1\u00ba Lugar dan\u00e7a de rua (Solo &#8211; Juvenil avan\u00e7ado)<\/p>\n\n\n\n<p>1\u00ba Lugar dan\u00e7a de rua (Solo &#8211; Juvenil &#8211; Alerquina)<\/p>\n\n\n\n<p>2\u00ba Lugar no Estilo Livre &#8211; O Violinista (Grupo)<\/p>\n\n\n\n<p>2\u00ba Lugar no Estilo Livre (Solo Juvenil &#8211; Pulsa em mim)<\/p>\n\n\n\n<p>3\u00ba Lugar no Jazz (Solo &#8211; Juvenil: Energy)<\/p>\n\n\n\n<p>1\u00ba Lugar no Estilo Livre (Quarteto: Modernidade)<\/p>\n\n\n\n<p>2\u00ba Lugar no Estilo Livre (Grupo: Tribo)<\/p>\n\n\n\n<p>3\u00ba Lugar no Estilo Livre (Solo &#8211; Juvenil avan\u00e7ado: Jo\u00e3o e Maria)<\/p>\n\n\n\n<p>1\u00ba Lugar na dan\u00e7a de sal\u00e3o &#8211; Forr\u00f3 (Adulto)<\/p>\n\n\n\n<p>1\u00ba Lugar na dan\u00e7a ventre &#8211; Avan\u00e7ado (Solo)<\/p>\n\n\n\n<p>2\u00ba Lugar na dan\u00e7a do ventre &#8211; Adulto (Solo)<\/p>\n\n\n\n<p>1\u00ba Lugar na dan\u00e7a contempor\u00e2nea &#8211; Avan\u00e7ado<\/p>\n\n\n\n<p>2\u00ba Lugar em dan\u00e7a gospel &#8211; Adulto<\/p>\n\n\n\n<p>1\u00ba Lugar no Estilo Livre com dueto &#8211; Avan\u00e7ado<\/p>\n\n\n\n<p>2\u00ba Lugar em dan\u00e7a urbana &#8211; Adulto (Solo)<\/p>\n\n\n\n<p>2\u00ba Lugar no Estilo Livre &#8211; avan\u00e7ado (Solo)<\/p>\n\n\n\n<p>3\u00ba Lugar dan\u00e7a urbana &#8211; Avan\u00e7ado (Solo)<\/p>\n\n\n\n<p>2\u00ba Lugar estilo livre juvenil &#8211; Avan\u00e7ado (Solo)<\/p>\n\n\n\n<p>3\u00ba Lugar no Estilo livre &#8211; Avan\u00e7ado (Solo)<\/p>\n\n\n\n<p><em><strong>Participe da comunidade do Canal Roni Paparazzi no Whatsapp e receba as principais not\u00edcias do dia direto no seu celular.<\/strong>\u00a0<a rel=\"noreferrer noopener\" href=\"https:\/\/chat.whatsapp.com\/GsG1XKo0jPOEfjzudWQcml\" target=\"_blank\">\u00a0Clique aqui e se inscreva.<\/a><\/em><\/p>\n","protected":false},"excerpt":{"rendered":"<p>Andradina foi destaque no 28\u00ba Festival Internacional de \u201cDanzas Del Mercosur\u201d, que aconteceu de 6 \u00e0 10 de setembro na cidade de Puerto Iguazu, na Argentina. O Festival valoriza a cultura, sendo um incentivador e descobridor de grandes talentos no universo da dan\u00e7a.A cidade foi representada pelo grupo Conex\u00e3o Daniel&#8217;s, que competiu nas modalidades Dan\u00e7as &hellip;<\/p>\n","protected":false},"author":1,"featured_media":5622,"comment_status":"open","ping_status":"open","sticky":false,"template":"","format":"standard","meta":{"_jetpack_memberships_contains_paid_content":false,"footnotes":"","jetpack_publicize_message":"","jetpack_publicize_feature_enabled":true,"jetpack_social_post_already_shared":false,"jetpack_social_options":{"image_generator_settings":{"template":"highway","default_image_id":0,"enabled":false},"version":2}},"categories":[6],"tags":[],"class_list":["post-5621","post","type-post","status-publish","format-standard","has-post-thumbnail","hentry","category-entretenimento"],"jetpack_publicize_connections":[],"jetpack_featured_media_url":"https:\/\/i0.wp.com\/www.paparazzinews.com.br\/wp-content\/uploads\/2023\/09\/372968683_2568004093338034_8573668376540589607_n_13120420-e1694625653681.jpg?fit=1000%2C666&ssl=1","views":"4307","jetpack_likes_enabled":true,"jetpack_sharing_enabled":true,"_links":{"self":[{"href":"https:\/\/www.paparazzinews.com.br\/index.php?rest_route=\/wp\/v2\/posts\/5621","targetHints":{"allow":["GET"]}}],"collection":[{"href":"https:\/\/www.paparazzinews.com.br\/index.php?rest_route=\/wp\/v2\/posts"}],"about":[{"href":"https:\/\/www.paparazzinews.com.br\/index.php?rest_route=\/wp\/v2\/types\/post"}],"author":[{"embeddable":true,"href":"https:\/\/www.paparazzinews.com.br\/index.php?rest_route=\/wp\/v2\/users\/1"}],"replies":[{"embeddable":true,"href":"https:\/\/www.paparazzinews.com.br\/index.php?rest_route=%2Fwp%2Fv2%2Fcomments&post=5621"}],"version-history":[{"count":1,"href":"https:\/\/www.paparazzinews.com.br\/index.php?rest_route=\/wp\/v2\/posts\/5621\/revisions"}],"predecessor-version":[{"id":5623,"href":"https:\/\/www.paparazzinews.com.br\/index.php?rest_route=\/wp\/v2\/posts\/5621\/revisions\/5623"}],"wp:featuredmedia":[{"embeddable":true,"href":"https:\/\/www.paparazzinews.com.br\/index.php?rest_route=\/wp\/v2\/media\/5622"}],"wp:attachment":[{"href":"https:\/\/www.paparazzinews.com.br\/index.php?rest_route=%2Fwp%2Fv2%2Fmedia&parent=5621"}],"wp:term":[{"taxonomy":"category","embeddable":true,"href":"https:\/\/www.paparazzinews.com.br\/index.php?rest_route=%2Fwp%2Fv2%2Fcategories&post=5621"},{"taxonomy":"post_tag","embeddable":true,"href":"https:\/\/www.paparazzinews.com.br\/index.php?rest_route=%2Fwp%2Fv2%2Ftags&post=5621"}],"curies":[{"name":"wp","href":"https:\/\/api.w.org\/{rel}","templated":true}]}}