{"id":5609,"date":"2023-09-13T14:01:29","date_gmt":"2023-09-13T17:01:29","guid":{"rendered":"https:\/\/www.paparazzinews.com.br\/?p=5609"},"modified":"2023-09-13T14:01:30","modified_gmt":"2023-09-13T17:01:30","slug":"15-atletas-conquistaram-a-vitoria-na-travessia-do-rio-parana","status":"publish","type":"post","link":"https:\/\/www.paparazzinews.com.br\/?p=5609","title":{"rendered":"15 atletas conquistaram a vit\u00f3ria na Travessia do Rio Paran\u00e1"},"content":{"rendered":"\n<p>Um dos mais antigos eventos em \u00e1guas abertas do Brasil, a Travessia do Rio Paran\u00e1, em Panorama, est\u00e1 em sua 56\u00aa edi\u00e7\u00e3o, realizada no \u00faltimo domingo (10).<br>\u00a0<br>O evento que tinha como base o Balne\u00e1rio Municipal Frederico Platzeck, contou a participa\u00e7\u00e3o de cerca 130 atletas em oito categorias. Al\u00e9m de nadadores da regi\u00e3o \u00a0\u00a0competi\u00e7\u00e3o teve convidados de Londrina e Maring\u00e1, no Paran\u00e1. A competi\u00e7\u00e3o teve um percurso de 3 km , com largada do lado direito do rio na margem do munic\u00edpio de Brasil\u00e2ndia-MS, e chegada do lado Paulista no Balne\u00e1rio em Panorama.<br>\u00a0<br>A equipe andradinense da parceria ATC\/PREFEITURA, formada por 23 valentes atletas ,sob o comando t\u00e9cnico Jon\u00edlcio Avelino da Silva, o Professor Careca, alcan\u00e7ou 15 coloca\u00e7\u00f5es no p\u00f3dio e foi a grande campe\u00e3 desse ano, repetindo o feito do ano passado. Segundo o professor Careca, os atletas nadaram muito, todos estavam com muita expectativa dessa competi\u00e7\u00e3o e se prepararam muito pra esse momento. \u201cEst\u00e3o de parab\u00e9ns\u201d.<br>\u00a0<br>Para o presidente do ATC, Valney Ara\u00fajo, \u201c\u00e9 uma alegria imensa v\u00ea os atletas andradinenses no alto do p\u00f3dio colhendo os frutos do sacrif\u00edcio nos treinos, e todo investimento feito na nata\u00e7\u00e3o vale apenas\u201d. Os destaques da equipe na Categoria Especial*, as tr\u00eas primeiras mais r\u00e1pidas na Travessia foram: Ana Beatriz de Paula Rosa, 15 anos, a vice campe\u00e3 com o tempo de 24&#8217;39&#8243;26 ; e J\u00falia Naomi Utida de Souza, 12 anos, terceira colocada com o tempo de 24&#8217;39&#8243;60.<br>\u00a0<br>Campe\u00f5es por categoria: Mariah Teno Almeida Ara\u00fajo, 10 anos (mirim); Rog\u00e9rio Ryu Stalberg Shirai, 11 anos (mirim); Maria Eduarda Rudalov, 13 anos (infantil); Davi Kenzo Dias da Silva, 13 anos (infantil), Guilherme Lima da Silva Moraes, 17 anos (juvenil); Pedro Luiz Germiniano da Silva, 23 anos (adulto). Vice campe\u00f5es: Lara Souza Macerou, 10 anos (mirim); Pyetra dos Santos Souza, 13 anos ( infantil); Pietro Henrique P. D. Menezes, 14 anos (infantil); Ricardo Henrique da Silva Marques, 17 anos (juvenil); Viury Rodrigues Moreno, 25 anos (adulto). Terceiro colocados: Kimberly Laura Silva Peres, 09 anos (mirim); Larissa Feifareck Bertoleti, 34 anos (adulto).<\/p>\n\n\n\n<p>O pr\u00f3ximo desafio ser\u00e1 no dia 30 na seletiva do Trof\u00e9u Kim Mollo em Presidente Prudente.<\/p>\n\n\n\n<p><em><strong>Participe da comunidade do Canal Roni Paparazzi no Whatsapp e receba as principais not\u00edcias do dia direto no seu celular.<\/strong>\u00a0<a rel=\"noreferrer noopener\" href=\"https:\/\/chat.whatsapp.com\/GsG1XKo0jPOEfjzudWQcml\" target=\"_blank\">\u00a0Clique aqui e se inscreva.<\/a><\/em><\/p>\n","protected":false},"excerpt":{"rendered":"<p>Um dos mais antigos eventos em \u00e1guas abertas do Brasil, a Travessia do Rio Paran\u00e1, em Panorama, est\u00e1 em sua 56\u00aa edi\u00e7\u00e3o, realizada no \u00faltimo domingo (10).\u00a0O evento que tinha como base o Balne\u00e1rio Municipal Frederico Platzeck, contou a participa\u00e7\u00e3o de cerca 130 atletas em oito categorias. Al\u00e9m de nadadores da regi\u00e3o \u00a0\u00a0competi\u00e7\u00e3o teve convidados &hellip;<\/p>\n","protected":false},"author":1,"featured_media":5610,"comment_status":"open","ping_status":"open","sticky":false,"template":"","format":"standard","meta":{"_jetpack_memberships_contains_paid_content":false,"footnotes":"","jetpack_publicize_message":"","jetpack_publicize_feature_enabled":true,"jetpack_social_post_already_shared":false,"jetpack_social_options":{"image_generator_settings":{"template":"highway","default_image_id":0,"enabled":false},"version":2}},"categories":[6],"tags":[],"class_list":["post-5609","post","type-post","status-publish","format-standard","has-post-thumbnail","hentry","category-entretenimento"],"jetpack_publicize_connections":[],"jetpack_featured_media_url":"https:\/\/i0.wp.com\/www.paparazzinews.com.br\/wp-content\/uploads\/2023\/09\/372899063_2568004126671364_1230822110815930456_n_13095258.jpg?fit=1024%2C768&ssl=1","views":"2105","jetpack_likes_enabled":true,"jetpack_sharing_enabled":true,"_links":{"self":[{"href":"https:\/\/www.paparazzinews.com.br\/index.php?rest_route=\/wp\/v2\/posts\/5609","targetHints":{"allow":["GET"]}}],"collection":[{"href":"https:\/\/www.paparazzinews.com.br\/index.php?rest_route=\/wp\/v2\/posts"}],"about":[{"href":"https:\/\/www.paparazzinews.com.br\/index.php?rest_route=\/wp\/v2\/types\/post"}],"author":[{"embeddable":true,"href":"https:\/\/www.paparazzinews.com.br\/index.php?rest_route=\/wp\/v2\/users\/1"}],"replies":[{"embeddable":true,"href":"https:\/\/www.paparazzinews.com.br\/index.php?rest_route=%2Fwp%2Fv2%2Fcomments&post=5609"}],"version-history":[{"count":1,"href":"https:\/\/www.paparazzinews.com.br\/index.php?rest_route=\/wp\/v2\/posts\/5609\/revisions"}],"predecessor-version":[{"id":5611,"href":"https:\/\/www.paparazzinews.com.br\/index.php?rest_route=\/wp\/v2\/posts\/5609\/revisions\/5611"}],"wp:featuredmedia":[{"embeddable":true,"href":"https:\/\/www.paparazzinews.com.br\/index.php?rest_route=\/wp\/v2\/media\/5610"}],"wp:attachment":[{"href":"https:\/\/www.paparazzinews.com.br\/index.php?rest_route=%2Fwp%2Fv2%2Fmedia&parent=5609"}],"wp:term":[{"taxonomy":"category","embeddable":true,"href":"https:\/\/www.paparazzinews.com.br\/index.php?rest_route=%2Fwp%2Fv2%2Fcategories&post=5609"},{"taxonomy":"post_tag","embeddable":true,"href":"https:\/\/www.paparazzinews.com.br\/index.php?rest_route=%2Fwp%2Fv2%2Ftags&post=5609"}],"curies":[{"name":"wp","href":"https:\/\/api.w.org\/{rel}","templated":true}]}}