{"id":5589,"date":"2023-09-12T15:27:58","date_gmt":"2023-09-12T18:27:58","guid":{"rendered":"https:\/\/www.paparazzinews.com.br\/?p=5589"},"modified":"2023-09-12T15:27:59","modified_gmt":"2023-09-12T18:27:59","slug":"dia-do-cliente-aguas-andradina-e-castilho-realiza-mega-feirao-de-negociacao","status":"publish","type":"post","link":"https:\/\/www.paparazzinews.com.br\/?p=5589","title":{"rendered":"Dia do Cliente: \u00c1guas Andradina e Castilho realiza Mega Feir\u00e3o de Negocia\u00e7\u00e3o"},"content":{"rendered":"\n<p>Para marcar o Dia do Cliente, comemorado no dia 15 de setembro, a \u00c1guas Andradina e a \u00c1guas Castilho, empresas do grupo Igu\u00e1 Saneamento e Sabesp, promovem uma campanha especial, com condi\u00e7\u00f5es exclusivas para renegocia\u00e7\u00e3o das faturas de \u00e1gua em atraso.<\/p>\n\n\n\n<p>Para isso, ser\u00e1 realizada mais uma edi\u00e7\u00e3o do Mega Feir\u00e3o de Negocia\u00e7\u00e3o nos dias 14 e 15 de setembro, em Castilho, e de 15 a 21 de setembro, em Andradina.<\/p>\n\n\n\n<p>A a\u00e7\u00e3o traz descontos especiais de&nbsp;negocia\u00e7\u00f5es&nbsp;e op\u00e7\u00f5es de parcelamento em at\u00e9 24 vezes,com valor m\u00ednimo de R$30 mensal, al\u00e9m da isen\u00e7\u00e3o de 100% de multas e juros&nbsp;para d\u00e9bitos acima de 180 dias, entre outras facilidades.<\/p>\n\n\n\n<p>Para participar do Mega Feir\u00e3o e aproveitar as condi\u00e7\u00f5es especiais para negocia\u00e7\u00e3o das faturas em atraso, durante o per\u00edodo da a\u00e7\u00e3o, os consumidores podem ir at\u00e9 as lojas da \u00c1guas Andradina e da \u00c1guas Castilho ou comparecer nos atendimentos itinerantes especiais do Dia do Cliente.<\/p>\n\n\n\n<p>Confira a programa\u00e7\u00e3o do Mega Feir\u00e3o das concession\u00e1rias:<\/p>\n\n\n\n<p><strong>\u00c1GUAS CASTILHO &#8211;&nbsp;&nbsp;MEGA FEIR\u00c3O ESPECIAL DIA DO CLIENTE<\/strong><strong><\/strong><\/p>\n\n\n\n<p><strong>Data:<\/strong>&nbsp;dias14 e 15 de setembro<\/p>\n\n\n\n<p><strong>Loja de atendimento &#8211;&nbsp;<\/strong>Avenida Presidente Get\u00falio Vargas, 20, de segunda a sexta-feira, das 8h30 \u00e0s 17h.<\/p>\n\n\n\n<p><strong>Atendimento Itinerante bairro Al\u00edpio:<\/strong>&nbsp;dias 14 e 15 de setembro,&nbsp;das 9h \u00e0s 17h, na Rua Anel Vi\u00e1rio Prefeito Municipal Sebasti\u00e3o Antonio da Silva, esquina com Jos\u00e9 Matheus da Silva, no Reservat\u00f3rio Al\u00edpio 2.<\/p>\n\n\n\n<p><strong>\u00c1GUAS ANDRADINA &#8211; MEGA FEIR\u00c3O ESPECIAL DIA DO CLIENTE<\/strong><strong><\/strong><\/p>\n\n\n\n<p><strong>Data:&nbsp;<\/strong>de 15 a 21 de setembro<\/p>\n\n\n\n<p><strong>Loja de atendimento &#8211;&nbsp;<\/strong>&nbsp;rua Doutor Orensy Rodrigues da Silva, 1062, de segunda a sexta-feira das 8h30 \u00e0s 17h.<\/p>\n\n\n\n<p><strong>Atendimento Itinerante Pra\u00e7a Moura Andradina&nbsp;<\/strong>&#8211; apenas no dia 21 de setembro, das 9h \u00e0s 17h, na Pra\u00e7a Ant\u00f4nio Joaquim de Moura Andrade (Pra\u00e7a Moura Andrade).<\/p>\n\n\n\n<p>Mais informa\u00e7\u00f5es, acesse os sites das concession\u00e1rias&nbsp;<a href=\"http:\/\/www.igua.com.br\/andradina\" target=\"_blank\" rel=\"noreferrer noopener\">www.igua.com.br\/andradina<\/a>&nbsp;ou&nbsp;<a href=\"http:\/\/www.igua.com.br\/castilho\" target=\"_blank\" rel=\"noreferrer noopener\">www.igua.com.br\/castilho<\/a>.<\/p>\n\n\n\n<p><em><strong>Participe da comunidade do Canal Roni Paparazzi no Whatsapp e receba as principais not\u00edcias do dia direto no seu celular.<\/strong>\u00a0<a rel=\"noreferrer noopener\" href=\"https:\/\/chat.whatsapp.com\/GsG1XKo0jPOEfjzudWQcml\" target=\"_blank\">\u00a0Clique aqui e se inscreva.<\/a><\/em><\/p>\n","protected":false},"excerpt":{"rendered":"<p>Para marcar o Dia do Cliente, comemorado no dia 15 de setembro, a \u00c1guas Andradina e a \u00c1guas Castilho, empresas do grupo Igu\u00e1 Saneamento e Sabesp, promovem uma campanha especial, com condi\u00e7\u00f5es exclusivas para renegocia\u00e7\u00e3o das faturas de \u00e1gua em atraso. Para isso, ser\u00e1 realizada mais uma edi\u00e7\u00e3o do Mega Feir\u00e3o de Negocia\u00e7\u00e3o nos dias &hellip;<\/p>\n","protected":false},"author":1,"featured_media":5590,"comment_status":"open","ping_status":"open","sticky":false,"template":"","format":"standard","meta":{"_jetpack_memberships_contains_paid_content":false,"footnotes":"","jetpack_publicize_message":"","jetpack_publicize_feature_enabled":true,"jetpack_social_post_already_shared":false,"jetpack_social_options":{"image_generator_settings":{"template":"highway","default_image_id":0,"enabled":false},"version":2}},"categories":[4],"tags":[],"class_list":["post-5589","post","type-post","status-publish","format-standard","has-post-thumbnail","hentry","category-regiao"],"jetpack_publicize_connections":[],"jetpack_featured_media_url":"https:\/\/i0.wp.com\/www.paparazzinews.com.br\/wp-content\/uploads\/2023\/09\/457ca648-2e52-4535-961e-3edb563c7033-e1694543270906.jpg?fit=1000%2C666&ssl=1","views":"3816","jetpack_likes_enabled":true,"jetpack_sharing_enabled":true,"_links":{"self":[{"href":"https:\/\/www.paparazzinews.com.br\/index.php?rest_route=\/wp\/v2\/posts\/5589","targetHints":{"allow":["GET"]}}],"collection":[{"href":"https:\/\/www.paparazzinews.com.br\/index.php?rest_route=\/wp\/v2\/posts"}],"about":[{"href":"https:\/\/www.paparazzinews.com.br\/index.php?rest_route=\/wp\/v2\/types\/post"}],"author":[{"embeddable":true,"href":"https:\/\/www.paparazzinews.com.br\/index.php?rest_route=\/wp\/v2\/users\/1"}],"replies":[{"embeddable":true,"href":"https:\/\/www.paparazzinews.com.br\/index.php?rest_route=%2Fwp%2Fv2%2Fcomments&post=5589"}],"version-history":[{"count":1,"href":"https:\/\/www.paparazzinews.com.br\/index.php?rest_route=\/wp\/v2\/posts\/5589\/revisions"}],"predecessor-version":[{"id":5591,"href":"https:\/\/www.paparazzinews.com.br\/index.php?rest_route=\/wp\/v2\/posts\/5589\/revisions\/5591"}],"wp:featuredmedia":[{"embeddable":true,"href":"https:\/\/www.paparazzinews.com.br\/index.php?rest_route=\/wp\/v2\/media\/5590"}],"wp:attachment":[{"href":"https:\/\/www.paparazzinews.com.br\/index.php?rest_route=%2Fwp%2Fv2%2Fmedia&parent=5589"}],"wp:term":[{"taxonomy":"category","embeddable":true,"href":"https:\/\/www.paparazzinews.com.br\/index.php?rest_route=%2Fwp%2Fv2%2Fcategories&post=5589"},{"taxonomy":"post_tag","embeddable":true,"href":"https:\/\/www.paparazzinews.com.br\/index.php?rest_route=%2Fwp%2Fv2%2Ftags&post=5589"}],"curies":[{"name":"wp","href":"https:\/\/api.w.org\/{rel}","templated":true}]}}