{"id":556,"date":"2022-08-30T14:24:46","date_gmt":"2022-08-30T17:24:46","guid":{"rendered":"https:\/\/www.paparazzinews.com.br\/?p=556"},"modified":"2022-08-30T14:24:47","modified_gmt":"2022-08-30T17:24:47","slug":"616-policiais-penais-sao-formados-para-agir-nos-presidios","status":"publish","type":"post","link":"https:\/\/www.paparazzinews.com.br\/?p=556","title":{"rendered":"616 policiais penais s\u00e3o formados para agir nos pres\u00eddios"},"content":{"rendered":"\n<p>O Governo de S\u00e3o Paulo promoveu nesta segunda-feira (29), em S\u00e3o Paulo, a formatura de 616 policiais penais. Na ocasi\u00e3o, foram entregues os certificados de conclus\u00e3o do Curso de Forma\u00e7\u00e3o T\u00e9cnico Profissional para os novos servidores, que trabalhar\u00e3o internamente na seguran\u00e7a e disciplina das unidades prisionais do Estado de S\u00e3o Paulo. Na turma, h\u00e1 formandos de outras regi\u00f5es do Brasil, como Bahia, Rio de Janeiro, Esp\u00edrito Santo e Goi\u00e1s. &nbsp;<\/p>\n\n\n\n<p>\u201cEm menos de 5 meses foi promulgado o concurso, foi preparada a turma e estamos aqui mostrando que S\u00e3o Paulo n\u00e3o tem tempo para parar, n\u00e3o tem tempo para perder\u201d, disse Marcos Penido, secret\u00e1rio de Governo.<\/p>\n\n\n\n<p>O curso foi ministrado na Escola de Administra\u00e7\u00e3o Penitenci\u00e1ria e teve a dura\u00e7\u00e3o de 386 horas-aula. Entre as disciplinas ensinadas est\u00e3o Pr\u00e1tica do Servi\u00e7o Penitenci\u00e1rio, Preven\u00e7\u00e3o e Combate a Inc\u00eandio, Socorrismo, Defesa Pessoal e Imobiliza\u00e7\u00e3o, Direitos Humanos e \u00c9tica, Rela\u00e7\u00f5es Humanas no Trabalho, Reintegra\u00e7\u00e3o Social, Sa\u00fade no Sistema Prisional e Gerenciamento de Crise.<\/p>\n\n\n\n<p>&#8220;Ser\u00e1 um grande ganho para o sistema penitenci\u00e1rio paulista. Al\u00e9m da garantia da ordem e da disciplina nos pres\u00eddios, tamb\u00e9m trar\u00e3o tranquilidade para toda a popula\u00e7\u00e3o. Trata-se de um investimento de grande import\u00e2ncia feito pelo Governo do Estado de S\u00e3o Paulo\u201d, afirmou o Coronel Nivaldo Restivo, secret\u00e1rio de Administra\u00e7\u00e3o Penitenci\u00e1ria.<\/p>\n\n\n\n<p>Refor\u00e7o na SAPNos \u00faltimos tr\u00eas meses, o governador Rodrigo Garcia autorizou o provimento de 1,1 mil cargos de Agentes de Seguran\u00e7a Penitenci\u00e1ria, 1,5 mil de Agentes de Escolta e Vigil\u00e2ncia Penitenci\u00e1ria e 416 cargos da \u00e1rea de sa\u00fade e administrativa, resultando em mais de 3,1 mil novas contrata\u00e7\u00f5es para o quadro de servidores da pasta.<\/p>\n","protected":false},"excerpt":{"rendered":"<p>O Governo de S\u00e3o Paulo promoveu nesta segunda-feira (29), em S\u00e3o Paulo, a formatura de 616 policiais penais. Na ocasi\u00e3o, foram entregues os certificados de conclus\u00e3o do Curso de Forma\u00e7\u00e3o T\u00e9cnico Profissional para os novos servidores, que trabalhar\u00e3o internamente na seguran\u00e7a e disciplina das unidades prisionais do Estado de S\u00e3o Paulo. Na turma, h\u00e1 formandos &hellip;<\/p>\n","protected":false},"author":1,"featured_media":557,"comment_status":"open","ping_status":"open","sticky":false,"template":"","format":"standard","meta":{"_jetpack_memberships_contains_paid_content":false,"footnotes":"","jetpack_publicize_message":"","jetpack_publicize_feature_enabled":true,"jetpack_social_post_already_shared":false,"jetpack_social_options":{"image_generator_settings":{"template":"highway","default_image_id":0,"enabled":false},"version":2}},"categories":[3],"tags":[],"class_list":["post-556","post","type-post","status-publish","format-standard","has-post-thumbnail","hentry","category-policial"],"jetpack_publicize_connections":[],"jetpack_featured_media_url":"https:\/\/i0.wp.com\/www.paparazzinews.com.br\/wp-content\/uploads\/2022\/08\/5253232-e1661880274692.jpg?fit=1000%2C668&ssl=1","views":"3425","jetpack_likes_enabled":true,"jetpack_sharing_enabled":true,"_links":{"self":[{"href":"https:\/\/www.paparazzinews.com.br\/index.php?rest_route=\/wp\/v2\/posts\/556","targetHints":{"allow":["GET"]}}],"collection":[{"href":"https:\/\/www.paparazzinews.com.br\/index.php?rest_route=\/wp\/v2\/posts"}],"about":[{"href":"https:\/\/www.paparazzinews.com.br\/index.php?rest_route=\/wp\/v2\/types\/post"}],"author":[{"embeddable":true,"href":"https:\/\/www.paparazzinews.com.br\/index.php?rest_route=\/wp\/v2\/users\/1"}],"replies":[{"embeddable":true,"href":"https:\/\/www.paparazzinews.com.br\/index.php?rest_route=%2Fwp%2Fv2%2Fcomments&post=556"}],"version-history":[{"count":1,"href":"https:\/\/www.paparazzinews.com.br\/index.php?rest_route=\/wp\/v2\/posts\/556\/revisions"}],"predecessor-version":[{"id":558,"href":"https:\/\/www.paparazzinews.com.br\/index.php?rest_route=\/wp\/v2\/posts\/556\/revisions\/558"}],"wp:featuredmedia":[{"embeddable":true,"href":"https:\/\/www.paparazzinews.com.br\/index.php?rest_route=\/wp\/v2\/media\/557"}],"wp:attachment":[{"href":"https:\/\/www.paparazzinews.com.br\/index.php?rest_route=%2Fwp%2Fv2%2Fmedia&parent=556"}],"wp:term":[{"taxonomy":"category","embeddable":true,"href":"https:\/\/www.paparazzinews.com.br\/index.php?rest_route=%2Fwp%2Fv2%2Fcategories&post=556"},{"taxonomy":"post_tag","embeddable":true,"href":"https:\/\/www.paparazzinews.com.br\/index.php?rest_route=%2Fwp%2Fv2%2Ftags&post=556"}],"curies":[{"name":"wp","href":"https:\/\/api.w.org\/{rel}","templated":true}]}}