{"id":5556,"date":"2023-09-12T14:37:28","date_gmt":"2023-09-12T17:37:28","guid":{"rendered":"https:\/\/www.paparazzinews.com.br\/?p=5556"},"modified":"2023-09-12T14:37:45","modified_gmt":"2023-09-12T17:37:45","slug":"homem-armado-com-revolver-efetua-disparos-na-rua","status":"publish","type":"post","link":"https:\/\/www.paparazzinews.com.br\/?p=5556","title":{"rendered":"Homem armado com rev\u00f3lver efetua disparos na rua"},"content":{"rendered":"\n<p>No final da tarde desta quinta-feira (07), policiais militares foram acionados pelo COPOM para atendimento de ocorr\u00eancia em que uma pessoa teria efetuado disparos de arma de fogo em via p\u00fablica, no bairro \u00c1guas Claras, em Ara\u00e7atuba. <\/p>\n\n\n\n<p>De posse das caracter\u00edsticas do autor os policiais diligenciaram com vistas e conseguiram abordar o acusado de posse de um rev\u00f3lver calibre 22, carregado com quatro muni\u00e7\u00f5es intactas e duas deflagradas. Como o homem n\u00e3o tinha porte de arma e nem t\u00e3o pouco documento do armamento recebeu voz de pris\u00e3o em flagrante delito pelos crimes de Porte Ilegal de Arma de Fogo e Disparo em Via P\u00fablica. <\/p>\n\n\n\n<p>A ocorr\u00eancia foi apresentada na Central de Flagrantes da Pol\u00edcia Civil e o acusado permaneceu preso \u00e0 disposi\u00e7\u00e3o da Justi\u00e7a.<\/p>\n\n\n\n<p><em><strong>Participe da comunidade do Canal Roni Paparazzi no Whatsapp e receba as principais not\u00edcias do dia direto no seu celular.<\/strong>\u00a0<a rel=\"noreferrer noopener\" href=\"https:\/\/chat.whatsapp.com\/GsG1XKo0jPOEfjzudWQcml\" target=\"_blank\">\u00a0Clique aqui e se inscreva.<\/a><\/em><\/p>\n","protected":false},"excerpt":{"rendered":"<p>No final da tarde desta quinta-feira (07), policiais militares foram acionados pelo COPOM para atendimento de ocorr\u00eancia em que uma pessoa teria efetuado disparos de arma de fogo em via p\u00fablica, no bairro \u00c1guas Claras, em Ara\u00e7atuba. De posse das caracter\u00edsticas do autor os policiais diligenciaram com vistas e conseguiram abordar o acusado de posse &hellip;<\/p>\n","protected":false},"author":1,"featured_media":5562,"comment_status":"open","ping_status":"open","sticky":false,"template":"","format":"standard","meta":{"_jetpack_memberships_contains_paid_content":false,"footnotes":"","jetpack_publicize_message":"","jetpack_publicize_feature_enabled":true,"jetpack_social_post_already_shared":false,"jetpack_social_options":{"image_generator_settings":{"template":"highway","default_image_id":0,"enabled":false},"version":2}},"categories":[3],"tags":[],"class_list":["post-5556","post","type-post","status-publish","format-standard","has-post-thumbnail","hentry","category-policial"],"jetpack_publicize_connections":[],"jetpack_featured_media_url":"https:\/\/i0.wp.com\/www.paparazzinews.com.br\/wp-content\/uploads\/2023\/09\/05acdd25-754e-4d8c-8861-8637b94ae072-e1694540238545.jpg?fit=1000%2C725&ssl=1","views":"4250","jetpack_likes_enabled":true,"jetpack_sharing_enabled":true,"_links":{"self":[{"href":"https:\/\/www.paparazzinews.com.br\/index.php?rest_route=\/wp\/v2\/posts\/5556","targetHints":{"allow":["GET"]}}],"collection":[{"href":"https:\/\/www.paparazzinews.com.br\/index.php?rest_route=\/wp\/v2\/posts"}],"about":[{"href":"https:\/\/www.paparazzinews.com.br\/index.php?rest_route=\/wp\/v2\/types\/post"}],"author":[{"embeddable":true,"href":"https:\/\/www.paparazzinews.com.br\/index.php?rest_route=\/wp\/v2\/users\/1"}],"replies":[{"embeddable":true,"href":"https:\/\/www.paparazzinews.com.br\/index.php?rest_route=%2Fwp%2Fv2%2Fcomments&post=5556"}],"version-history":[{"count":2,"href":"https:\/\/www.paparazzinews.com.br\/index.php?rest_route=\/wp\/v2\/posts\/5556\/revisions"}],"predecessor-version":[{"id":5564,"href":"https:\/\/www.paparazzinews.com.br\/index.php?rest_route=\/wp\/v2\/posts\/5556\/revisions\/5564"}],"wp:featuredmedia":[{"embeddable":true,"href":"https:\/\/www.paparazzinews.com.br\/index.php?rest_route=\/wp\/v2\/media\/5562"}],"wp:attachment":[{"href":"https:\/\/www.paparazzinews.com.br\/index.php?rest_route=%2Fwp%2Fv2%2Fmedia&parent=5556"}],"wp:term":[{"taxonomy":"category","embeddable":true,"href":"https:\/\/www.paparazzinews.com.br\/index.php?rest_route=%2Fwp%2Fv2%2Fcategories&post=5556"},{"taxonomy":"post_tag","embeddable":true,"href":"https:\/\/www.paparazzinews.com.br\/index.php?rest_route=%2Fwp%2Fv2%2Ftags&post=5556"}],"curies":[{"name":"wp","href":"https:\/\/api.w.org\/{rel}","templated":true}]}}