{"id":5496,"date":"2023-09-06T17:48:51","date_gmt":"2023-09-06T20:48:51","guid":{"rendered":"https:\/\/www.paparazzinews.com.br\/?p=5496"},"modified":"2023-09-06T17:48:52","modified_gmt":"2023-09-06T20:48:52","slug":"em-40-dias-operacao-escudo-prende-mais-de-900-criminosos-e-apreende-quase-1-tonelada-de-drogas","status":"publish","type":"post","link":"https:\/\/www.paparazzinews.com.br\/?p=5496","title":{"rendered":"Em 40 dias, Opera\u00e7\u00e3o Escudo prende mais de 900 criminosos e apreende quase 1 tonelada de drogas"},"content":{"rendered":"\n<p>Ap\u00f3s 40 dias de Opera\u00e7\u00e3o Escudo na Baixada Santista, as for\u00e7as policiais anunciam o fim da opera\u00e7\u00e3o. Ao todo, 958 criminosos foram presos. Destes, 382 eram procurados da Justi\u00e7a e estavam foragidos por crimes que v\u00e3o desde falta de pagamento de pens\u00e3o aliment\u00edcia at\u00e9 sequestro e homic\u00eddio. Outros 70 adolescentes infratores foram apreendidos.&nbsp;<\/p>\n\n\n\n<p>\u201cA Baixada continua sendo prioridade, ou seja, a migra\u00e7\u00e3o da Opera\u00e7\u00e3o Escudo e o retorno da Opera\u00e7\u00e3o Impacto n\u00e3o vai representar preju\u00edzo para a popula\u00e7\u00e3o. Os Baeps que prestaram apoio retornam para suas regi\u00f5es e n\u00f3s manteremos um efetivo do Choque, al\u00e9m do remanejamento das vagas da Dejem para suprir e manter o apoio para a popula\u00e7\u00e3o da Baixada Santista. \u00c9 importante ressaltar que a popula\u00e7\u00e3o n\u00e3o ficar\u00e1 desassistida\u201d, citou o secret\u00e1rio da Seguran\u00e7a P\u00fablica, Guilherme Derrite.<\/p>\n\n\n\n<p>Entre os presos est\u00e3o criminosos com v\u00e1rias passagens policiais, l\u00edderes de fac\u00e7\u00e3o e traficantes.<\/p>\n\n\n\n<p>A opera\u00e7\u00e3o teve como principal objetivo combater o crime organizado, asfixiando o tr\u00e1fico de drogas, principal fonte de renda dos criminosos.<\/p>\n\n\n\n<p>Nos 40 dias de opera\u00e7\u00e3o as for\u00e7as policiais apreenderam quase 1 tonelada de entorpecentes, causando um preju\u00edzo milion\u00e1rio ao tr\u00e1fico de drogas. Tamb\u00e9m foram retiradas, das m\u00e3os de criminosos, 117 armas, incluindo fuzis e submetralhadoras.<\/p>\n\n\n\n<p>&#8220;Esperamos que novas opera\u00e7\u00f5es n\u00e3o sejam necess\u00e1rias, mas caso se fa\u00e7am necess\u00e1rias, caso o Estado seja afrontado, em qualquer ponto, opera\u00e7\u00f5es como a Escudo ser\u00e3o desencadeadas\u201d, concluiu Derrite sobre o comprometimento da SSP com o enfrentamento do crime organizado.<\/p>\n\n\n\n<p><em>Confira algumas das principais pris\u00f5es feitas pelas for\u00e7as de seguran\u00e7a em 40 dias:<\/em><\/p>\n\n\n\n<p><strong>28 de julho a 2 de agosto<\/strong><\/p>\n\n\n\n<p>A Pol\u00edcia identifica e prende todos os envolvidos na morte do soldado Reis. No primeiro dia de Opera\u00e7\u00e3o um dos que participaram morreu ao entrar em confronto com a pol\u00edcia. Ele era um dos l\u00edderes de uma fac\u00e7\u00e3o e acumulava v\u00e1rias passagens criminais<\/p>\n\n\n\n<p><strong>2 de agosto<\/strong><\/p>\n\n\n\n<p>Policiais do T\u00e1tico Ostensivo Rodovi\u00e1rio (TOR) prendem um integrante de uma fac\u00e7\u00e3o criminosa na Rodovia dos Imigrantes, no bairro Vila da Sa\u00fade, na zona sul. O homem tinha passagens por tr\u00e1fico, roubo, recepta\u00e7\u00e3o, resist\u00eancia e desacato. Condenado a 12 anos de pris\u00e3o, estava foragido desde mar\u00e7o, quando recebeu o benef\u00edcio da sa\u00edda tempor\u00e1ria e n\u00e3o retornou mais ao sistema prisional.<\/p>\n\n\n\n<p><strong>7 de agosto<\/strong><\/p>\n\n\n\n<p>PMs que faziam patrulhamento pela Opera\u00e7\u00e3o Escudo fazem abordagem de rotina a um homem e, ao consultar sua identidade, descobrem que havia um mandado contra ele por homic\u00eddio. O homem foi preso.&nbsp;<\/p>\n\n\n\n<p><strong>11 de agosto<\/strong><\/p>\n\n\n\n<p>A PM Ambiental prende dois homens por tr\u00e1fico de drogas no bairro Paecar\u00e1, no Guaruj\u00e1. Ainda foram apreendidas 50 por\u00e7\u00f5es de drogas, entre crack e maconha, e dinheiro do tr\u00e1fico<\/p>\n\n\n\n<p><strong>13 de agosto<\/strong><\/p>\n\n\n\n<p>Policiais do 5\u00ba Batalh\u00e3o de A\u00e7\u00f5es Especiais (Baep) prendem \u201cPatinho\u201d, integrante de uma fac\u00e7\u00e3o criminosa procurado por homic\u00eddio no bairro Paecar\u00e1, no Guaruj\u00e1. Tamb\u00e9m foram apreendidas uma pistola calibre 9 mm, 21 muni\u00e7\u00f5es e tr\u00eas carregadores.<\/p>\n\n\n\n<p><strong>18 de agosto<\/strong><\/p>\n\n\n\n<p>Pol\u00edcia prende suspeito conhecido como \u201cJeffinho\u201d. Em um v\u00eddeo que viralizou na internet em junho, ele aparece exibindo um fuzil em plena luz do dia, junto com outros comparsas armados, na Vila Baiana, em Guaruj\u00e1. Ele tem passagens por homic\u00eddio de um policial, porte ilegal de arma, tr\u00e1fico de drogas, recepta\u00e7\u00e3o e desobedi\u00eancia, e estava foragido desde 2021, quando deixou a pris\u00e3o em sa\u00edda tempor\u00e1ria<\/p>\n\n\n\n<p><strong>23 de agosto<\/strong><\/p>\n\n\n\n<p>\u201cVitinho\u201d \u00e9 preso por policiais civis em uma casa de alto padr\u00e3o no Guaruj\u00e1, ap\u00f3s ser localizado por investigadores. Ele tamb\u00e9m aparece no v\u00eddeo gravado na Vila Baiana com uma pistola pelas ruas. A a\u00e7\u00e3o contou com apoio das equipes da DISE e do GOE. Ele tem passagem por roubo e estava foragido depois de n\u00e3o retornar da sa\u00edda tempor\u00e1ria.<\/p>\n\n\n\n<p><strong>28 de agosto<\/strong><\/p>\n\n\n\n<p>Policiais civis da 1\u00ba Delegacia de Pol\u00edcia de Investiga\u00e7\u00f5es Gerais (DIG), da Divis\u00e3o Especializada de Investiga\u00e7\u00f5es Criminais (Deic), em conjunto com policiais da Delegacia Seccional de Santos, prenderam na manh\u00e3 desta segunda-feira (28) um homem de 30 anos apontado como \u201cdisciplina\u201d de uma fac\u00e7\u00e3o criminosa. Conhecido como \u201cNK\u201d, o homem era procurado por participar do homic\u00eddio de um investigador, ocorrido em 2018. A pris\u00e3o aconteceu no bairro S\u00e3o Manoel, em Santos.<\/p>\n\n\n\n<p><strong>Impacto Litoral e Escudo<\/strong><\/p>\n\n\n\n<p>Com o refor\u00e7o de cerca de 600 homens de todos os batalh\u00f5es do Estado, a opera\u00e7\u00e3o teve in\u00edcio em 28 de julho, um dia ap\u00f3s o soldado Reis ser morto por criminosos durante incurs\u00e3o a uma comunidade. Ele e seu colega, que tamb\u00e9m foi baleado, faziam patrulhamento pela opera\u00e7\u00e3o Impacto Litoral, desencadeada em junho para combater os altos \u00edndices de criminalidade e a forte incid\u00eancia do tr\u00e1fico de drogas naquela regi\u00e3o.<\/p>\n\n\n\n<p>Logo nos primeiros dias de opera\u00e7\u00e3o, as for\u00e7as de seguran\u00e7a conseguiram identificar e prender todos os envolvidos na morte do policial, apesar da forte rea\u00e7\u00e3o dos criminosos.<\/p>\n\n\n\n<p>Mesmo ap\u00f3s a pris\u00e3o dos envolvidos, a opera\u00e7\u00e3o seguiu com o objetivo de sufocar o tr\u00e1fico, e a rea\u00e7\u00e3o dos criminosos continuou intensa. Em um mesmo dia, 2 PMs foram baleados \u00e0 luz do dia em uma comunidade em Santos.<\/p>\n\n\n\n<p>No dia 15 de agosto um agente da Pol\u00edcia Federal levou um tiro na cabe\u00e7a durante o cumprimento de uma opera\u00e7\u00e3o daquele \u00f3rg\u00e3o. Ainda foram registrados outros ataques a equipes da PM, sem que nenhum agente tenha ficado ferido.<\/p>\n\n\n\n<p>Durante os 40 dias de opera\u00e7\u00e3o e as centenas de pris\u00f5es, em 28 abordagens os suspeitos reagiram, entraram em confronto com os policiais e acabaram morrendo. Todos estes casos s\u00e3o investigados pela Deic de Santos, com apoio de equipes do DHPP, e por um inqu\u00e9rito policial militar instaurado pela PM.<\/p>\n\n\n\n<p><em><strong>Participe da comunidade do Canal Roni Paparazzi no Whatsapp e receba as principais not\u00edcias do dia direto no seu celular.<\/strong>\u00a0<a rel=\"noreferrer noopener\" href=\"https:\/\/chat.whatsapp.com\/GsG1XKo0jPOEfjzudWQcml\" target=\"_blank\">\u00a0Clique aqui e se inscreva.<\/a><\/em><\/p>\n","protected":false},"excerpt":{"rendered":"<p>Ap\u00f3s 40 dias de Opera\u00e7\u00e3o Escudo na Baixada Santista, as for\u00e7as policiais anunciam o fim da opera\u00e7\u00e3o. Ao todo, 958 criminosos foram presos. Destes, 382 eram procurados da Justi\u00e7a e estavam foragidos por crimes que v\u00e3o desde falta de pagamento de pens\u00e3o aliment\u00edcia at\u00e9 sequestro e homic\u00eddio. Outros 70 adolescentes infratores foram apreendidos.&nbsp; \u201cA Baixada &hellip;<\/p>\n","protected":false},"author":1,"featured_media":5497,"comment_status":"open","ping_status":"open","sticky":false,"template":"","format":"standard","meta":{"_jetpack_memberships_contains_paid_content":false,"footnotes":"","jetpack_publicize_message":"","jetpack_publicize_feature_enabled":true,"jetpack_social_post_already_shared":false,"jetpack_social_options":{"image_generator_settings":{"template":"highway","default_image_id":0,"enabled":false},"version":2}},"categories":[3],"tags":[],"class_list":["post-5496","post","type-post","status-publish","format-standard","has-post-thumbnail","hentry","category-policial"],"jetpack_publicize_connections":[],"jetpack_featured_media_url":"https:\/\/i0.wp.com\/www.paparazzinews.com.br\/wp-content\/uploads\/2023\/09\/00051310-e1694033320334.jpeg?fit=1000%2C666&ssl=1","views":"2927","jetpack_likes_enabled":true,"jetpack_sharing_enabled":true,"_links":{"self":[{"href":"https:\/\/www.paparazzinews.com.br\/index.php?rest_route=\/wp\/v2\/posts\/5496","targetHints":{"allow":["GET"]}}],"collection":[{"href":"https:\/\/www.paparazzinews.com.br\/index.php?rest_route=\/wp\/v2\/posts"}],"about":[{"href":"https:\/\/www.paparazzinews.com.br\/index.php?rest_route=\/wp\/v2\/types\/post"}],"author":[{"embeddable":true,"href":"https:\/\/www.paparazzinews.com.br\/index.php?rest_route=\/wp\/v2\/users\/1"}],"replies":[{"embeddable":true,"href":"https:\/\/www.paparazzinews.com.br\/index.php?rest_route=%2Fwp%2Fv2%2Fcomments&post=5496"}],"version-history":[{"count":1,"href":"https:\/\/www.paparazzinews.com.br\/index.php?rest_route=\/wp\/v2\/posts\/5496\/revisions"}],"predecessor-version":[{"id":5498,"href":"https:\/\/www.paparazzinews.com.br\/index.php?rest_route=\/wp\/v2\/posts\/5496\/revisions\/5498"}],"wp:featuredmedia":[{"embeddable":true,"href":"https:\/\/www.paparazzinews.com.br\/index.php?rest_route=\/wp\/v2\/media\/5497"}],"wp:attachment":[{"href":"https:\/\/www.paparazzinews.com.br\/index.php?rest_route=%2Fwp%2Fv2%2Fmedia&parent=5496"}],"wp:term":[{"taxonomy":"category","embeddable":true,"href":"https:\/\/www.paparazzinews.com.br\/index.php?rest_route=%2Fwp%2Fv2%2Fcategories&post=5496"},{"taxonomy":"post_tag","embeddable":true,"href":"https:\/\/www.paparazzinews.com.br\/index.php?rest_route=%2Fwp%2Fv2%2Ftags&post=5496"}],"curies":[{"name":"wp","href":"https:\/\/api.w.org\/{rel}","templated":true}]}}