{"id":549,"date":"2022-08-29T15:35:15","date_gmt":"2022-08-29T18:35:15","guid":{"rendered":"https:\/\/www.paparazzinews.com.br\/?p=549"},"modified":"2022-08-29T15:35:17","modified_gmt":"2022-08-29T18:35:17","slug":"curso-de-passadeira-e-aberto-em-andradina","status":"publish","type":"post","link":"https:\/\/www.paparazzinews.com.br\/?p=549","title":{"rendered":"Curso de passadeira \u00e9 aberto em Andradina"},"content":{"rendered":"\n<p>A Prefeitura de Andradina, a Associa\u00e7\u00e3o Comercial e Industrial de Andradina (ACIA), o SEBRAE e o SEBRAE Aqui promovem, entre 1 de setembro a 15 de setembro, de segunda a sexta o curso de Passadeira.<\/p>\n\n\n\n<p>O curso \u00e9 totalmente gratuito e com certifica\u00e7\u00e3o aos participantes, sendo voltado a pessoas que pretendem ter o pr\u00f3prio neg\u00f3cio ou ingressar no mercado de trabalho, principalmente no setor de hotelaria.<\/p>\n\n\n\n<p>Esse profissional tem a fun\u00e7\u00e3o de organizar roupas, toalhas de mesa, cortinas, entre outros. O curso apresenta Informa\u00e7\u00f5es sobre t\u00e9cnicas de lavagem, como passar bem uma roupa dicas de como entender a etiqueta das roupas e outras.<br>As inscri\u00e7\u00f5es podem ser feitas no Posto de Atendimento ao Trabalhador &#8211; PAT de Andradina, localizado rua Jos\u00e9 Augusto de Carvalho 1173, telefone (18) 3723-7730. Ser\u00e3o 20 vagas \u00e0 tarde, 20 vagas no per\u00edodo noturno.<\/p>\n","protected":false},"excerpt":{"rendered":"<p>A Prefeitura de Andradina, a Associa\u00e7\u00e3o Comercial e Industrial de Andradina (ACIA), o SEBRAE e o SEBRAE Aqui promovem, entre 1 de setembro a 15 de setembro, de segunda a sexta o curso de Passadeira. O curso \u00e9 totalmente gratuito e com certifica\u00e7\u00e3o aos participantes, sendo voltado a pessoas que pretendem ter o pr\u00f3prio neg\u00f3cio &hellip;<\/p>\n","protected":false},"author":1,"featured_media":550,"comment_status":"open","ping_status":"open","sticky":false,"template":"","format":"standard","meta":{"_jetpack_memberships_contains_paid_content":false,"footnotes":"","jetpack_publicize_message":"","jetpack_publicize_feature_enabled":true,"jetpack_social_post_already_shared":false,"jetpack_social_options":{"image_generator_settings":{"template":"highway","default_image_id":0,"enabled":false},"version":2}},"categories":[4],"tags":[],"class_list":["post-549","post","type-post","status-publish","format-standard","has-post-thumbnail","hentry","category-regiao"],"jetpack_publicize_connections":[],"jetpack_featured_media_url":"https:\/\/i0.wp.com\/www.paparazzinews.com.br\/wp-content\/uploads\/2022\/08\/085e73f7-dd12-401c-8bfb-838f567ff961.jpg?fit=600%2C400&ssl=1","views":"3387","jetpack_likes_enabled":true,"jetpack_sharing_enabled":true,"_links":{"self":[{"href":"https:\/\/www.paparazzinews.com.br\/index.php?rest_route=\/wp\/v2\/posts\/549","targetHints":{"allow":["GET"]}}],"collection":[{"href":"https:\/\/www.paparazzinews.com.br\/index.php?rest_route=\/wp\/v2\/posts"}],"about":[{"href":"https:\/\/www.paparazzinews.com.br\/index.php?rest_route=\/wp\/v2\/types\/post"}],"author":[{"embeddable":true,"href":"https:\/\/www.paparazzinews.com.br\/index.php?rest_route=\/wp\/v2\/users\/1"}],"replies":[{"embeddable":true,"href":"https:\/\/www.paparazzinews.com.br\/index.php?rest_route=%2Fwp%2Fv2%2Fcomments&post=549"}],"version-history":[{"count":1,"href":"https:\/\/www.paparazzinews.com.br\/index.php?rest_route=\/wp\/v2\/posts\/549\/revisions"}],"predecessor-version":[{"id":551,"href":"https:\/\/www.paparazzinews.com.br\/index.php?rest_route=\/wp\/v2\/posts\/549\/revisions\/551"}],"wp:featuredmedia":[{"embeddable":true,"href":"https:\/\/www.paparazzinews.com.br\/index.php?rest_route=\/wp\/v2\/media\/550"}],"wp:attachment":[{"href":"https:\/\/www.paparazzinews.com.br\/index.php?rest_route=%2Fwp%2Fv2%2Fmedia&parent=549"}],"wp:term":[{"taxonomy":"category","embeddable":true,"href":"https:\/\/www.paparazzinews.com.br\/index.php?rest_route=%2Fwp%2Fv2%2Fcategories&post=549"},{"taxonomy":"post_tag","embeddable":true,"href":"https:\/\/www.paparazzinews.com.br\/index.php?rest_route=%2Fwp%2Fv2%2Ftags&post=549"}],"curies":[{"name":"wp","href":"https:\/\/api.w.org\/{rel}","templated":true}]}}