{"id":546,"date":"2022-08-26T12:03:47","date_gmt":"2022-08-26T15:03:47","guid":{"rendered":"https:\/\/www.paparazzinews.com.br\/?p=546"},"modified":"2022-08-26T12:03:48","modified_gmt":"2022-08-26T15:03:48","slug":"andradina-vai-instalar-placas-de-sinalizacao-turistica","status":"publish","type":"post","link":"https:\/\/www.paparazzinews.com.br\/?p=546","title":{"rendered":"Andradina vai instalar placas de sinaliza\u00e7\u00e3o tur\u00edstica"},"content":{"rendered":"\n<p>A Prefeitura de Andradina, por meio da Secretaria Municipal de Obras e da Secretaria de Desenvolvimento Econ\u00f4mico, turismo e Economia Criativa, vai realizar a implanta\u00e7\u00e3o de sinaliza\u00e7\u00e3o tur\u00edstica em diversos pontos da cidade.<\/p>\n\n\n\n<p>A instala\u00e7\u00e3o contemplo dezenas de placas indicativas com sinaliza\u00e7\u00e3o de orienta\u00e7\u00e3o tur\u00edstica, entre placas de solo e a\u00e9rea, ser\u00e3o fixadas nas vias da cidade.<\/p>\n\n\n\n<p>A a\u00e7\u00e3o foi poss\u00edvel com investimento pr\u00f3prio e depois de um estudo de necessidade de orienta\u00e7\u00e3o aos visitantes sobre postos de servi\u00e7o essenciais e pontos tur\u00edsticos da cidade.<\/p>\n\n\n\n<p>Andradina est\u00e1 distante cerca de 640 km da capital e possui um consider\u00e1vel potencial tur\u00edstico, caracterizado pela relev\u00e2ncia hist\u00f3rica, religiosa e de divers\u00e3o, com a implanta\u00e7\u00e3o de um Parque Aqu\u00e1tico no munic\u00edpio.<br>\u201cVisando o desenvolvimento das atividades tur\u00edsticas no munic\u00edpio, a prefeitura segue desenvolvendo a\u00e7\u00f5es que possibilitem ao visitante ter indica\u00e7\u00f5es das atra\u00e7\u00f5es distribu\u00eddas em diversos pontos da cidade e informa\u00e7\u00f5es sobre a localiza\u00e7\u00e3o\/acesso \u00e0s mesmas, levando-o a tra\u00e7ar roteiros que garantam a organiza\u00e7\u00e3o dos deslocamentos com possibilidade de visita a v\u00e1rios pontos tur\u00edsticos sequencialmente\u201d, explicou a subsecret\u00e1ria de turismo Viviane Castro Elois.<\/p>\n\n\n\n<p>Segundo o engenheiro Geraldo Pilla, secret\u00e1rio de Obras de Andradina, a sinaliza\u00e7\u00e3o de orienta\u00e7\u00e3o tur\u00edstica faz parte do conjunto de sinaliza\u00e7\u00e3o de indica\u00e7\u00e3o de tr\u00e2nsito. \u201cO modelo adotado por Andradina segue o estabelecido no C\u00f3digo de Tr\u00e2nsito Brasileiro \u2013 CTB e nas Resolu\u00e7\u00f5es do Conselho Nacional de Tr\u00e2nsito \u2013 CONTRAN seguindo as normas internacionais\u201d, disse.<\/p>\n","protected":false},"excerpt":{"rendered":"<p>A Prefeitura de Andradina, por meio da Secretaria Municipal de Obras e da Secretaria de Desenvolvimento Econ\u00f4mico, turismo e Economia Criativa, vai realizar a implanta\u00e7\u00e3o de sinaliza\u00e7\u00e3o tur\u00edstica em diversos pontos da cidade. A instala\u00e7\u00e3o contemplo dezenas de placas indicativas com sinaliza\u00e7\u00e3o de orienta\u00e7\u00e3o tur\u00edstica, entre placas de solo e a\u00e9rea, ser\u00e3o fixadas nas vias &hellip;<\/p>\n","protected":false},"author":1,"featured_media":547,"comment_status":"open","ping_status":"open","sticky":false,"template":"","format":"standard","meta":{"_jetpack_memberships_contains_paid_content":false,"footnotes":"","jetpack_publicize_message":"","jetpack_publicize_feature_enabled":true,"jetpack_social_post_already_shared":false,"jetpack_social_options":{"image_generator_settings":{"template":"highway","default_image_id":0,"enabled":false},"version":2}},"categories":[4],"tags":[],"class_list":["post-546","post","type-post","status-publish","format-standard","has-post-thumbnail","hentry","category-regiao"],"jetpack_publicize_connections":[],"jetpack_featured_media_url":"https:\/\/i0.wp.com\/www.paparazzinews.com.br\/wp-content\/uploads\/2022\/08\/299915422_739628913773615_3448520851513279981_n-e1661526215449.jpg?fit=1000%2C666&ssl=1","views":"3346","jetpack_likes_enabled":true,"jetpack_sharing_enabled":true,"_links":{"self":[{"href":"https:\/\/www.paparazzinews.com.br\/index.php?rest_route=\/wp\/v2\/posts\/546","targetHints":{"allow":["GET"]}}],"collection":[{"href":"https:\/\/www.paparazzinews.com.br\/index.php?rest_route=\/wp\/v2\/posts"}],"about":[{"href":"https:\/\/www.paparazzinews.com.br\/index.php?rest_route=\/wp\/v2\/types\/post"}],"author":[{"embeddable":true,"href":"https:\/\/www.paparazzinews.com.br\/index.php?rest_route=\/wp\/v2\/users\/1"}],"replies":[{"embeddable":true,"href":"https:\/\/www.paparazzinews.com.br\/index.php?rest_route=%2Fwp%2Fv2%2Fcomments&post=546"}],"version-history":[{"count":1,"href":"https:\/\/www.paparazzinews.com.br\/index.php?rest_route=\/wp\/v2\/posts\/546\/revisions"}],"predecessor-version":[{"id":548,"href":"https:\/\/www.paparazzinews.com.br\/index.php?rest_route=\/wp\/v2\/posts\/546\/revisions\/548"}],"wp:featuredmedia":[{"embeddable":true,"href":"https:\/\/www.paparazzinews.com.br\/index.php?rest_route=\/wp\/v2\/media\/547"}],"wp:attachment":[{"href":"https:\/\/www.paparazzinews.com.br\/index.php?rest_route=%2Fwp%2Fv2%2Fmedia&parent=546"}],"wp:term":[{"taxonomy":"category","embeddable":true,"href":"https:\/\/www.paparazzinews.com.br\/index.php?rest_route=%2Fwp%2Fv2%2Fcategories&post=546"},{"taxonomy":"post_tag","embeddable":true,"href":"https:\/\/www.paparazzinews.com.br\/index.php?rest_route=%2Fwp%2Fv2%2Ftags&post=546"}],"curies":[{"name":"wp","href":"https:\/\/api.w.org\/{rel}","templated":true}]}}