{"id":5455,"date":"2023-09-06T17:02:25","date_gmt":"2023-09-06T20:02:25","guid":{"rendered":"https:\/\/www.paparazzinews.com.br\/?p=5455"},"modified":"2023-09-06T17:02:26","modified_gmt":"2023-09-06T20:02:26","slug":"debate-sobre-melhorias-na-saude-e-destaque-entre-vereadores","status":"publish","type":"post","link":"https:\/\/www.paparazzinews.com.br\/?p=5455","title":{"rendered":"Debate sobre melhorias na Sa\u00fade \u00e9 destaque entre vereadores"},"content":{"rendered":"\n<p>Nesta segunda-feira (5), a 26\u00aa sess\u00e3o da C\u00e2mara de Andradina trouxe \u00e0 tona discuss\u00f5es cruciais sobre melhorias no setor de sa\u00fade do munic\u00edpio. Sob a presid\u00eancia do vereador Coxinha Prando (PRTB), os trabalhos legislativos foram marcados por proposi\u00e7\u00f5es que buscam aprimorar o atendimento \u00e0 popula\u00e7\u00e3o e tornar mais eficiente o sistema de sa\u00fade local. Foram 3h30 de reuni\u00e3o, em que os vereadores apresentaram diversos pontos de vista sobre a quest\u00e3o e colaboraram com ideias e cr\u00edticas.<\/p>\n\n\n\n<p>Um dos pontos de destaque da sess\u00e3o foi a solicita\u00e7\u00e3o feita pelo vereador Hernani da Bahia, que pediu informa\u00e7\u00f5es detalhadas ao Executivo sobre a mudan\u00e7a do UPA para junto \u00e0 Santa Casa, na antiga Policl\u00ednica. O fechamento total da antiga UPA24H, no entendimento da C\u00e2mara, prejudica a popula\u00e7\u00e3o que reside nos bairros abaixo da linha f\u00e9rrea, pela dist\u00e2ncia do novo local.<\/p>\n\n\n\n<p>O presidente Coxinha Prando afirmou que o debate mostra o engajamento do Legislativo com as quest\u00f5es sens\u00edveis \u00e0 sociedade. \u201cSabemos que a sa\u00fade \u00e9 um dos pilares fundamentais para o bem-estar de nossa comunidade. E nesta sess\u00e3o, tivemos a oportunidade de discutir propostas que visam melhorar o acesso aos servi\u00e7os de sa\u00fade, reduzir as filas de espera e garantir um atendimento de qualidade para todos os nossos mun\u00edcipes\u201d, comentou.<\/p>\n\n\n\n<p>Outro ponto de pauta que mereceu destaque na sess\u00e3o foi o requerimento apresentado pelo vereador Rodarte dos Anjos (PDT) solicitando a instala\u00e7\u00e3o de alambrado e canteiro de jardinagem na Igrejinha do Barro Preto. Esta proposta visa embelezar e preservar esse importante patrim\u00f4nio hist\u00f3rico e religioso da cidade.<\/p>\n\n\n\n<p>Al\u00e9m disso, foram discutidas mudan\u00e7as de nomes de ruas, sinalizando a preocupa\u00e7\u00e3o dos vereadores em manter a nomenclatura das vias de forma coerente e em conson\u00e2ncia com os valores e a hist\u00f3ria da comunidade andradinense.<\/p>\n\n\n\n<p><em><strong>Participe da comunidade do Canal Roni Paparazzi no Whatsapp e receba as principais not\u00edcias do dia direto no seu celular.<\/strong>\u00a0<a rel=\"noreferrer noopener\" href=\"https:\/\/chat.whatsapp.com\/GsG1XKo0jPOEfjzudWQcml\" target=\"_blank\">\u00a0Clique aqui e se inscreva.<\/a><\/em><\/p>\n","protected":false},"excerpt":{"rendered":"<p>Nesta segunda-feira (5), a 26\u00aa sess\u00e3o da C\u00e2mara de Andradina trouxe \u00e0 tona discuss\u00f5es cruciais sobre melhorias no setor de sa\u00fade do munic\u00edpio. Sob a presid\u00eancia do vereador Coxinha Prando (PRTB), os trabalhos legislativos foram marcados por proposi\u00e7\u00f5es que buscam aprimorar o atendimento \u00e0 popula\u00e7\u00e3o e tornar mais eficiente o sistema de sa\u00fade local. Foram &hellip;<\/p>\n","protected":false},"author":1,"featured_media":5456,"comment_status":"open","ping_status":"open","sticky":false,"template":"","format":"standard","meta":{"_jetpack_memberships_contains_paid_content":false,"footnotes":"","jetpack_publicize_message":"","jetpack_publicize_feature_enabled":true,"jetpack_social_post_already_shared":false,"jetpack_social_options":{"image_generator_settings":{"template":"highway","default_image_id":0,"enabled":false},"version":2}},"categories":[7],"tags":[],"class_list":["post-5455","post","type-post","status-publish","format-standard","has-post-thumbnail","hentry","category-politica"],"jetpack_publicize_connections":[],"jetpack_featured_media_url":"https:\/\/i0.wp.com\/www.paparazzinews.com.br\/wp-content\/uploads\/2023\/09\/330eb28e-be7a-44aa-a21d-e33cbe3ae295-e1694030529629.jpg?fit=1000%2C563&ssl=1","views":"1219","jetpack_likes_enabled":true,"jetpack_sharing_enabled":true,"_links":{"self":[{"href":"https:\/\/www.paparazzinews.com.br\/index.php?rest_route=\/wp\/v2\/posts\/5455","targetHints":{"allow":["GET"]}}],"collection":[{"href":"https:\/\/www.paparazzinews.com.br\/index.php?rest_route=\/wp\/v2\/posts"}],"about":[{"href":"https:\/\/www.paparazzinews.com.br\/index.php?rest_route=\/wp\/v2\/types\/post"}],"author":[{"embeddable":true,"href":"https:\/\/www.paparazzinews.com.br\/index.php?rest_route=\/wp\/v2\/users\/1"}],"replies":[{"embeddable":true,"href":"https:\/\/www.paparazzinews.com.br\/index.php?rest_route=%2Fwp%2Fv2%2Fcomments&post=5455"}],"version-history":[{"count":1,"href":"https:\/\/www.paparazzinews.com.br\/index.php?rest_route=\/wp\/v2\/posts\/5455\/revisions"}],"predecessor-version":[{"id":5457,"href":"https:\/\/www.paparazzinews.com.br\/index.php?rest_route=\/wp\/v2\/posts\/5455\/revisions\/5457"}],"wp:featuredmedia":[{"embeddable":true,"href":"https:\/\/www.paparazzinews.com.br\/index.php?rest_route=\/wp\/v2\/media\/5456"}],"wp:attachment":[{"href":"https:\/\/www.paparazzinews.com.br\/index.php?rest_route=%2Fwp%2Fv2%2Fmedia&parent=5455"}],"wp:term":[{"taxonomy":"category","embeddable":true,"href":"https:\/\/www.paparazzinews.com.br\/index.php?rest_route=%2Fwp%2Fv2%2Fcategories&post=5455"},{"taxonomy":"post_tag","embeddable":true,"href":"https:\/\/www.paparazzinews.com.br\/index.php?rest_route=%2Fwp%2Fv2%2Ftags&post=5455"}],"curies":[{"name":"wp","href":"https:\/\/api.w.org\/{rel}","templated":true}]}}