{"id":5404,"date":"2023-09-05T12:06:02","date_gmt":"2023-09-05T15:06:02","guid":{"rendered":"https:\/\/www.paparazzinews.com.br\/?p=5404"},"modified":"2023-09-05T12:06:03","modified_gmt":"2023-09-05T15:06:03","slug":"mais-de-15-mil-pessoas-participaram-de-cavalgada-com-boteco-de-munhoz-e-mariano","status":"publish","type":"post","link":"https:\/\/www.paparazzinews.com.br\/?p=5404","title":{"rendered":"Mais de 15 mil pessoas participaram de cavalgada com boteco de Munhoz e Mariano"},"content":{"rendered":"\n<p>O \u00faltimo domingo, (03 de setembro), vai ficar para hist\u00f3ria de Arapu\u00e1. O Distrito recebeu cerca de 15 mil pessoas que prestigiaram a tradicional 16\u00aa Cavalgada. Foram dois dias de festa, no s\u00e1bado (02 de setembro), teve o esquenta com bail\u00e3o no Centro Comunit\u00e1rio com o grupo Os Ca\u00e7ulas.<\/p>\n\n\n\n<p>No domingo, pe\u00f5es e peoas de diversas comitivas, participaram da cavalgada que saiu \u00e0s 9 horas, do Assentamento 20 de Mar\u00e7o e percorreu o trajeto de 07 quil\u00f4metros at\u00e9 Arapu\u00e1.<\/p>\n\n\n\n<p>As comitivas foram recepcionadas com delicioso almo\u00e7o gratuito, composto por arroz, feij\u00e3o tropeiro e o famoso puchero, servido tamb\u00e9m para todo o p\u00fablico no espa\u00e7o montado em frente ao Centro Comunit\u00e1rio.<\/p>\n\n\n\n<p>A dupla Munhoz e Mariano foi a grande atra\u00e7\u00e3o dessa 16\u00aa edi\u00e7\u00e3o do evento, que teve p\u00fablico recorde entre todas as edi\u00e7\u00f5es j\u00e1 realizadas. Os cantores sul-mato-grossenses animaram o p\u00fablico cantando seus maiores, sucessos e cl\u00e1ssicos sertanejos no momento do Buteco do Munhoz e Mariano.<\/p>\n\n\n\n<p>Djeane Lima da Silva, que mora em Tr\u00eas Lagoas h\u00e1 quase nove anos, foi uma das pessoas que foram pela primeira vez no evento empolgada para ver o show da dupla. \u201c\u00c9 o primeiro ano que venho na cavalgada, aproveitei tamb\u00e9m e vim no s\u00e1bado no baile. \u00c9 um evento muito animado, gostei muito e ano que vem espero estar aqui novamente\u201d disse a moradora.<\/p>\n\n\n\n<p>A Cavalgada do Arapu\u00e1 \u00e9 promovida pela Associa\u00e7\u00e3o Ferradura e recebe o apoio da Prefeitura de Tr\u00eas Lagoas, C\u00e2mara Municipal e Governo do Estado de Mato Grosso do Sul.<\/p>\n\n\n\n<p><em><strong>Participe da comunidade do Canal Roni Paparazzi no Whatsapp e receba as principais not\u00edcias do dia direto no seu celular.<\/strong>\u00a0<a rel=\"noreferrer noopener\" href=\"https:\/\/chat.whatsapp.com\/GsG1XKo0jPOEfjzudWQcml\" target=\"_blank\">\u00a0Clique aqui e se inscreva.<\/a><\/em><\/p>\n","protected":false},"excerpt":{"rendered":"<p>O \u00faltimo domingo, (03 de setembro), vai ficar para hist\u00f3ria de Arapu\u00e1. O Distrito recebeu cerca de 15 mil pessoas que prestigiaram a tradicional 16\u00aa Cavalgada. Foram dois dias de festa, no s\u00e1bado (02 de setembro), teve o esquenta com bail\u00e3o no Centro Comunit\u00e1rio com o grupo Os Ca\u00e7ulas. No domingo, pe\u00f5es e peoas de &hellip;<\/p>\n","protected":false},"author":1,"featured_media":5405,"comment_status":"open","ping_status":"open","sticky":false,"template":"","format":"standard","meta":{"_jetpack_memberships_contains_paid_content":false,"footnotes":"","jetpack_publicize_message":"","jetpack_publicize_feature_enabled":true,"jetpack_social_post_already_shared":false,"jetpack_social_options":{"image_generator_settings":{"template":"highway","default_image_id":0,"enabled":false},"version":2}},"categories":[6],"tags":[],"class_list":["post-5404","post","type-post","status-publish","format-standard","has-post-thumbnail","hentry","category-entretenimento"],"jetpack_publicize_connections":[],"jetpack_featured_media_url":"https:\/\/i0.wp.com\/www.paparazzinews.com.br\/wp-content\/uploads\/2023\/09\/16-CAVALGADA-DO-ARAPUA-23-scaled-1.jpg?fit=920%2C613&ssl=1","views":"1289","jetpack_likes_enabled":true,"jetpack_sharing_enabled":true,"_links":{"self":[{"href":"https:\/\/www.paparazzinews.com.br\/index.php?rest_route=\/wp\/v2\/posts\/5404","targetHints":{"allow":["GET"]}}],"collection":[{"href":"https:\/\/www.paparazzinews.com.br\/index.php?rest_route=\/wp\/v2\/posts"}],"about":[{"href":"https:\/\/www.paparazzinews.com.br\/index.php?rest_route=\/wp\/v2\/types\/post"}],"author":[{"embeddable":true,"href":"https:\/\/www.paparazzinews.com.br\/index.php?rest_route=\/wp\/v2\/users\/1"}],"replies":[{"embeddable":true,"href":"https:\/\/www.paparazzinews.com.br\/index.php?rest_route=%2Fwp%2Fv2%2Fcomments&post=5404"}],"version-history":[{"count":1,"href":"https:\/\/www.paparazzinews.com.br\/index.php?rest_route=\/wp\/v2\/posts\/5404\/revisions"}],"predecessor-version":[{"id":5406,"href":"https:\/\/www.paparazzinews.com.br\/index.php?rest_route=\/wp\/v2\/posts\/5404\/revisions\/5406"}],"wp:featuredmedia":[{"embeddable":true,"href":"https:\/\/www.paparazzinews.com.br\/index.php?rest_route=\/wp\/v2\/media\/5405"}],"wp:attachment":[{"href":"https:\/\/www.paparazzinews.com.br\/index.php?rest_route=%2Fwp%2Fv2%2Fmedia&parent=5404"}],"wp:term":[{"taxonomy":"category","embeddable":true,"href":"https:\/\/www.paparazzinews.com.br\/index.php?rest_route=%2Fwp%2Fv2%2Fcategories&post=5404"},{"taxonomy":"post_tag","embeddable":true,"href":"https:\/\/www.paparazzinews.com.br\/index.php?rest_route=%2Fwp%2Fv2%2Ftags&post=5404"}],"curies":[{"name":"wp","href":"https:\/\/api.w.org\/{rel}","templated":true}]}}