{"id":5356,"date":"2023-09-04T11:59:21","date_gmt":"2023-09-04T14:59:21","guid":{"rendered":"https:\/\/www.paparazzinews.com.br\/?p=5356"},"modified":"2023-09-04T11:59:22","modified_gmt":"2023-09-04T14:59:22","slug":"homem-e-adolescente-sao-detidos-por-furtar-bicicletas","status":"publish","type":"post","link":"https:\/\/www.paparazzinews.com.br\/?p=5356","title":{"rendered":"Homem e adolescente s\u00e3o detidos por furtar bicicletas"},"content":{"rendered":"\n<p>\u00c1gua Clara \u2013 MS, os policiais militares do 3\u00ba Pelot\u00e3o (\u00c1gua Clara) da 2\u00aa Cia do 2\u00ba Batalh\u00e3o de Pol\u00edcia Militar ap\u00f3s tomar conhecimento do furto de duas bicicletas ocorrido no dia 31 de agosto iniciaram dilig\u00eancias onde nesta sexta-feira receberam informa\u00e7\u00f5es sobre a identidade dos poss\u00edveis autores do crime.<\/p>\n\n\n\n<p>De posse das informa\u00e7\u00f5es lograram \u00eaxito na localiza\u00e7\u00e3o do menor de idade de 16 anos que declarou aos militares ter participado do furto juntamente com um comparsa, indicando a resid\u00eancia do autor de 18 anos que tamb\u00e9m confessou ter participado do furto, bem como ter cooptado o menor a cometer o crime.<\/p>\n\n\n\n<p>Durante entrevista os detidos vieram a declarar que uma das v\u00edtimas veio a localizar uma das bicicletas com eles a levando embora e a segunda bicicleta teria sido entregue ao um menor de idade de 16 anos, para que ele devolvesse no local onde havia ocorrido o furto, por\u00e9m este dispensou a bicicleta em um terreno baldio pr\u00f3ximo a resid\u00eancia dos autores.<\/p>\n\n\n\n<p>Diante os fatos os envolvidos foram encaminhados at\u00e9 a Delegacia de Pol\u00edcia para os procedimentos pertinentes.<\/p>\n\n\n\n<p><em><strong>Participe da comunidade do Canal Roni Paparazzi no Whatsapp e receba as principais not\u00edcias do dia direto no seu celular.<\/strong>\u00a0<a rel=\"noreferrer noopener\" href=\"https:\/\/chat.whatsapp.com\/GsG1XKo0jPOEfjzudWQcml\" target=\"_blank\">\u00a0Clique aqui e se inscreva.<\/a><\/em><\/p>\n","protected":false},"excerpt":{"rendered":"<p>\u00c1gua Clara \u2013 MS, os policiais militares do 3\u00ba Pelot\u00e3o (\u00c1gua Clara) da 2\u00aa Cia do 2\u00ba Batalh\u00e3o de Pol\u00edcia Militar ap\u00f3s tomar conhecimento do furto de duas bicicletas ocorrido no dia 31 de agosto iniciaram dilig\u00eancias onde nesta sexta-feira receberam informa\u00e7\u00f5es sobre a identidade dos poss\u00edveis autores do crime. De posse das informa\u00e7\u00f5es lograram &hellip;<\/p>\n","protected":false},"author":1,"featured_media":5357,"comment_status":"open","ping_status":"open","sticky":false,"template":"","format":"standard","meta":{"_jetpack_memberships_contains_paid_content":false,"footnotes":"","jetpack_publicize_message":"","jetpack_publicize_feature_enabled":true,"jetpack_social_post_already_shared":false,"jetpack_social_options":{"image_generator_settings":{"template":"highway","default_image_id":0,"enabled":false},"version":2}},"categories":[3],"tags":[],"class_list":["post-5356","post","type-post","status-publish","format-standard","has-post-thumbnail","hentry","category-policial"],"jetpack_publicize_connections":[],"jetpack_featured_media_url":"https:\/\/i0.wp.com\/www.paparazzinews.com.br\/wp-content\/uploads\/2023\/09\/109753b4-d6da-4493-90f4-0b95eb8f88cf-e1693839546697.jpg?fit=1000%2C563&ssl=1","views":"3062","jetpack_likes_enabled":true,"jetpack_sharing_enabled":true,"_links":{"self":[{"href":"https:\/\/www.paparazzinews.com.br\/index.php?rest_route=\/wp\/v2\/posts\/5356","targetHints":{"allow":["GET"]}}],"collection":[{"href":"https:\/\/www.paparazzinews.com.br\/index.php?rest_route=\/wp\/v2\/posts"}],"about":[{"href":"https:\/\/www.paparazzinews.com.br\/index.php?rest_route=\/wp\/v2\/types\/post"}],"author":[{"embeddable":true,"href":"https:\/\/www.paparazzinews.com.br\/index.php?rest_route=\/wp\/v2\/users\/1"}],"replies":[{"embeddable":true,"href":"https:\/\/www.paparazzinews.com.br\/index.php?rest_route=%2Fwp%2Fv2%2Fcomments&post=5356"}],"version-history":[{"count":1,"href":"https:\/\/www.paparazzinews.com.br\/index.php?rest_route=\/wp\/v2\/posts\/5356\/revisions"}],"predecessor-version":[{"id":5358,"href":"https:\/\/www.paparazzinews.com.br\/index.php?rest_route=\/wp\/v2\/posts\/5356\/revisions\/5358"}],"wp:featuredmedia":[{"embeddable":true,"href":"https:\/\/www.paparazzinews.com.br\/index.php?rest_route=\/wp\/v2\/media\/5357"}],"wp:attachment":[{"href":"https:\/\/www.paparazzinews.com.br\/index.php?rest_route=%2Fwp%2Fv2%2Fmedia&parent=5356"}],"wp:term":[{"taxonomy":"category","embeddable":true,"href":"https:\/\/www.paparazzinews.com.br\/index.php?rest_route=%2Fwp%2Fv2%2Fcategories&post=5356"},{"taxonomy":"post_tag","embeddable":true,"href":"https:\/\/www.paparazzinews.com.br\/index.php?rest_route=%2Fwp%2Fv2%2Ftags&post=5356"}],"curies":[{"name":"wp","href":"https:\/\/api.w.org\/{rel}","templated":true}]}}