{"id":5334,"date":"2023-09-04T10:38:09","date_gmt":"2023-09-04T13:38:09","guid":{"rendered":"https:\/\/www.paparazzinews.com.br\/?p=5334"},"modified":"2023-09-04T10:42:20","modified_gmt":"2023-09-04T13:42:20","slug":"castilho-marca-data-de-simposio-do-setembro-amarelo-para-dia-12","status":"publish","type":"post","link":"https:\/\/www.paparazzinews.com.br\/?p=5334","title":{"rendered":"Castilho marca data de simp\u00f3sio do Setembro Amarelo para dia 12, veja como participar"},"content":{"rendered":"\n<p>Evento que ter\u00e1 a presen\u00e7a de profissionais de v\u00e1rias \u00e1reas, \u00e9 gratuito e as inscri\u00e7\u00f5es j\u00e1 podem ser feitas pelo link: <a href=\"https:\/\/docs.google.com\/forms\/d\/e\/1FAIpQLScQFFef-QGrTOZmz8eCpXguDYhOu--xQ8TpIM2ltji2fDWAGA\/viewform\">https:\/\/docs.google.com\/forms\/d\/e\/1FAIpQLScQFFef-QGrTOZmz8eCpXguDYhOu&#8211;xQ8TpIM2ltji2fDWAGA\/viewform<\/a><\/p>\n\n\n\n<p>As Secretarias Municipais de Educa\u00e7\u00e3o, Sa\u00fade, Assist\u00eancia Social e o Fundo Social de Solidariedade de Castilho anunciaram para o pr\u00f3ximo dia 12 de Setembro a realiza\u00e7\u00e3o do II Simp\u00f3sio Setembro Amarelo.<br>O evento de conscientiza\u00e7\u00e3o p\u00fablica que mobiliza profissionais de v\u00e1rias \u00e1reas e recebe convidados especializados em diferentes temas para falar sobre preven\u00e7\u00e3o ao suic\u00eddio, novamente seguir\u00e1 o lema nacional da campanha que neste ano de 2023 \u00e9 \u201cSE PRECISAR, PE\u00c7A AJUDA!\u201d<\/p>\n\n\n\n<p>A exemplo do ano passado, o n\u00facleo do CVV &#8211; Centro de Valoriza\u00e7\u00e3o da Vida, de Andradina, tamb\u00e9m \u00e9 parceiro desta iniciativa do Governo Municipal ao lado de lideran\u00e7as religiosas e institui\u00e7\u00f5es de acolhimento \u00e0queles que precisam de ajuda para vencer a depress\u00e3o e tend\u00eancia ao suic\u00eddio.<br>O encontro \u00e9 gratuito e est\u00e1 marcado para ter in\u00edcio \u00e0s 13h do pr\u00f3ximo dia 12 de Setembro, no Anfiteatro do CIEC.<\/p>\n\n\n\n<p><em><strong>Participe da comunidade do Canal Roni Paparazzi no Whatsapp e receba as principais not\u00edcias do dia direto no seu celular.<\/strong>&nbsp;<a rel=\"noreferrer noopener\" href=\"https:\/\/chat.whatsapp.com\/GsG1XKo0jPOEfjzudWQcml\" target=\"_blank\">&nbsp;Clique aqui e se inscreva.<\/a><\/em><\/p>\n","protected":false},"excerpt":{"rendered":"<p>Evento que ter\u00e1 a presen\u00e7a de profissionais de v\u00e1rias \u00e1reas, \u00e9 gratuito e as inscri\u00e7\u00f5es j\u00e1 podem ser feitas pelo link: https:\/\/docs.google.com\/forms\/d\/e\/1FAIpQLScQFFef-QGrTOZmz8eCpXguDYhOu&#8211;xQ8TpIM2ltji2fDWAGA\/viewform As Secretarias Municipais de Educa\u00e7\u00e3o, Sa\u00fade, Assist\u00eancia Social e o Fundo Social de Solidariedade de Castilho anunciaram para o pr\u00f3ximo dia 12 de Setembro a realiza\u00e7\u00e3o do II Simp\u00f3sio Setembro Amarelo.O evento de &hellip;<\/p>\n","protected":false},"author":1,"featured_media":5335,"comment_status":"open","ping_status":"open","sticky":false,"template":"","format":"standard","meta":{"_jetpack_memberships_contains_paid_content":false,"footnotes":"","jetpack_publicize_message":"","jetpack_publicize_feature_enabled":true,"jetpack_social_post_already_shared":false,"jetpack_social_options":{"image_generator_settings":{"template":"highway","default_image_id":0,"enabled":false},"version":2}},"categories":[6],"tags":[],"class_list":["post-5334","post","type-post","status-publish","format-standard","has-post-thumbnail","hentry","category-entretenimento"],"jetpack_publicize_connections":[],"jetpack_featured_media_url":"https:\/\/i0.wp.com\/www.paparazzinews.com.br\/wp-content\/uploads\/2023\/09\/8729d335-b4c2-412d-b310-1b0e088e8313-e1693834674842.jpg?fit=1000%2C1000&ssl=1","views":"1152","jetpack_likes_enabled":true,"jetpack_sharing_enabled":true,"_links":{"self":[{"href":"https:\/\/www.paparazzinews.com.br\/index.php?rest_route=\/wp\/v2\/posts\/5334","targetHints":{"allow":["GET"]}}],"collection":[{"href":"https:\/\/www.paparazzinews.com.br\/index.php?rest_route=\/wp\/v2\/posts"}],"about":[{"href":"https:\/\/www.paparazzinews.com.br\/index.php?rest_route=\/wp\/v2\/types\/post"}],"author":[{"embeddable":true,"href":"https:\/\/www.paparazzinews.com.br\/index.php?rest_route=\/wp\/v2\/users\/1"}],"replies":[{"embeddable":true,"href":"https:\/\/www.paparazzinews.com.br\/index.php?rest_route=%2Fwp%2Fv2%2Fcomments&post=5334"}],"version-history":[{"count":2,"href":"https:\/\/www.paparazzinews.com.br\/index.php?rest_route=\/wp\/v2\/posts\/5334\/revisions"}],"predecessor-version":[{"id":5338,"href":"https:\/\/www.paparazzinews.com.br\/index.php?rest_route=\/wp\/v2\/posts\/5334\/revisions\/5338"}],"wp:featuredmedia":[{"embeddable":true,"href":"https:\/\/www.paparazzinews.com.br\/index.php?rest_route=\/wp\/v2\/media\/5335"}],"wp:attachment":[{"href":"https:\/\/www.paparazzinews.com.br\/index.php?rest_route=%2Fwp%2Fv2%2Fmedia&parent=5334"}],"wp:term":[{"taxonomy":"category","embeddable":true,"href":"https:\/\/www.paparazzinews.com.br\/index.php?rest_route=%2Fwp%2Fv2%2Fcategories&post=5334"},{"taxonomy":"post_tag","embeddable":true,"href":"https:\/\/www.paparazzinews.com.br\/index.php?rest_route=%2Fwp%2Fv2%2Ftags&post=5334"}],"curies":[{"name":"wp","href":"https:\/\/api.w.org\/{rel}","templated":true}]}}