{"id":5276,"date":"2023-08-31T14:54:04","date_gmt":"2023-08-31T17:54:04","guid":{"rendered":"https:\/\/www.paparazzinews.com.br\/?p=5276"},"modified":"2023-08-31T14:54:05","modified_gmt":"2023-08-31T17:54:05","slug":"28-integrantes-de-organizacao-criminosas-sao-condenados-apos-descoberta-de-comunicacao-por-cartas","status":"publish","type":"post","link":"https:\/\/www.paparazzinews.com.br\/?p=5276","title":{"rendered":"28 integrantes de organiza\u00e7\u00e3o criminosas s\u00e3o condenados ap\u00f3s descoberta de comunica\u00e7\u00e3o por cartas"},"content":{"rendered":"\n<p>A 3\u00aa Vara da Comarca de Presidente Venceslau proferiu decis\u00f5es condenando acusados de integrar fac\u00e7\u00e3o criminosa em dois julgamentos distintos realizados em agosto. Em um deles 28 r\u00e9us foram sentenciados a penas fixadas entre cinco anos e tr\u00eas meses e oito anos de reclus\u00e3o. No outro, dois acusados receberam penas que chegam a dez anos e nove meses de reclus\u00e3o, em regime inicial fechado. Cabe recurso da decis\u00e3o.<\/p>\n\n\n\n<p>No primeiro caso, ap\u00f3s a instala\u00e7\u00e3o de telas de conten\u00e7\u00e3o nos dutos da rede de esgoto em pres\u00eddio Penitenci\u00e1ria II de Presidente Venceslau, foi poss\u00edvel apreender e recuperar fragmentos de cartas dispensadas pelos presos durante as fiscaliza\u00e7\u00f5es de rotina das celas. Os pap\u00e9is foram submetidos a processo de secagem e desinfec\u00e7\u00e3o, emendados e separados de acordo com a semelhan\u00e7a da letra e confrontados com prontu\u00e1rios criminol\u00f3gicos de presos, apresentando semelhan\u00e7a \u00e0s letras de seis presos. <\/p>\n\n\n\n<p>Da an\u00e1lise dos documentos foi poss\u00edvel identificar a participa\u00e7\u00e3o dos r\u00e9us na organiza\u00e7\u00e3o e execu\u00e7\u00e3o de homic\u00eddios, rebeli\u00f5es, ataques a f\u00f3runs, distribui\u00e7\u00e3o de armamento e drogas, atentados contra agentes p\u00fablicos e \u00f3rg\u00e3os do Estado e tamb\u00e9m no fomento da guerra entre fac\u00e7\u00f5es nos Estados brasileiros.<br>O segundo tamb\u00e9m se refere a caso de apreens\u00e3o de manuscritos, mas desta vez na cela dos dois r\u00e9us, onde foram encontrados comprimidos e documentos que traziam uma rela\u00e7\u00e3o de autoridades da regi\u00e3o e uma poss\u00edvel tentativa de levantamento dos endere\u00e7os para pr\u00e1tica de atentados.<\/p>\n\n\n\n<p>O juiz respons\u00e1vel pelos casos, Deyvison Heberth dos Reis, destacou em suas decis\u00f5es que as provas apresentadas corroboram a veracidade dos fatos. O magistrado chamou a aten\u00e7\u00e3o para a presen\u00e7a de elementos como associa\u00e7\u00e3o de quatro ou mais pessoas com estabilidade e perman\u00eancia; estrutura ordenada que se caracteriza pela divis\u00e3o de tarefas, ainda que informalmente; e finalidade de obten\u00e7\u00e3o de vantagem de qualquer natureza mediante\u00a0 a pr\u00e1tica de infra\u00e7\u00f5es penais cujas penas m\u00e1ximas sejam superiores a quatro anos.<\/p>\n\n\n\n<p>Na senten\u00e7a do segundo caso, o magistrado salientou que \u201c\u00e9 comum os integrantes da organiza\u00e7\u00e3o criminosas se comunicarem atrav\u00e9s de cartas, ou at\u00e9 mesmo registrarem dados, movimenta\u00e7\u00f5es do tr\u00e1fico de drogas, al\u00e9m de amea\u00e7as a autoridades p\u00fablicas, elaborando planos para atentarem contra a vida das autoridades que se prop\u00f5em a enfrentar e coibir o crime organizado\u201d.<\/p>\n\n\n\n<p>Senten\u00e7as n\u00ba&nbsp;<a href=\"https:\/\/esaj.tjsp.jus.br\/cpopg\/show.do?processo.codigo=DF0002GU10000&amp;processo.foro=483&amp;processo.numero=1500909-42.2021.8.26.0483\">1500909-42.2021.8.26.0483<\/a>&nbsp;e&nbsp;<a href=\"https:\/\/esaj.tjsp.jus.br\/cpopg\/show.do?processo.codigo=DF0000YBZ0000&amp;processo.foro=483&amp;processo.numero=0003297-31.2017.8.26.0483\">0003297-31.2017.8.26.0483<\/a><\/p>\n\n\n\n<p><a href=\"https:\/\/esaj.tjsp.jus.br\/cpopg\/show.do?processo.codigo=DF0000YBZ0000&amp;processo.foro=483&amp;processo.numero=0003297-31.2017.8.26.0483\"><\/a>Comunica\u00e7\u00e3o Social TJSP \u2013&nbsp;GC (texto) \/ internet (foto)&nbsp;<\/p>\n\n\n\n<p><em><strong>Participe da comunidade do Canal Roni Paparazzi no Whatsapp e receba as principais not\u00edcias do dia direto no seu celular.<\/strong>\u00a0<a rel=\"noreferrer noopener\" href=\"https:\/\/chat.whatsapp.com\/GsG1XKo0jPOEfjzudWQcml\" target=\"_blank\">\u00a0Clique aqui e se inscreva.<\/a><\/em><\/p>\n","protected":false},"excerpt":{"rendered":"<p>A 3\u00aa Vara da Comarca de Presidente Venceslau proferiu decis\u00f5es condenando acusados de integrar fac\u00e7\u00e3o criminosa em dois julgamentos distintos realizados em agosto. Em um deles 28 r\u00e9us foram sentenciados a penas fixadas entre cinco anos e tr\u00eas meses e oito anos de reclus\u00e3o. No outro, dois acusados receberam penas que chegam a dez anos &hellip;<\/p>\n","protected":false},"author":1,"featured_media":5277,"comment_status":"open","ping_status":"open","sticky":false,"template":"","format":"standard","meta":{"_jetpack_memberships_contains_paid_content":false,"footnotes":"","jetpack_publicize_message":"","jetpack_publicize_feature_enabled":true,"jetpack_social_post_already_shared":false,"jetpack_social_options":{"image_generator_settings":{"template":"highway","default_image_id":0,"enabled":false},"version":2}},"categories":[3],"tags":[],"class_list":["post-5276","post","type-post","status-publish","format-standard","has-post-thumbnail","hentry","category-policial"],"jetpack_publicize_connections":[],"jetpack_featured_media_url":"https:\/\/i0.wp.com\/www.paparazzinews.com.br\/wp-content\/uploads\/2023\/08\/Imagem-2.jpg?fit=562%2C375&ssl=1","views":"2393","jetpack_likes_enabled":true,"jetpack_sharing_enabled":true,"_links":{"self":[{"href":"https:\/\/www.paparazzinews.com.br\/index.php?rest_route=\/wp\/v2\/posts\/5276","targetHints":{"allow":["GET"]}}],"collection":[{"href":"https:\/\/www.paparazzinews.com.br\/index.php?rest_route=\/wp\/v2\/posts"}],"about":[{"href":"https:\/\/www.paparazzinews.com.br\/index.php?rest_route=\/wp\/v2\/types\/post"}],"author":[{"embeddable":true,"href":"https:\/\/www.paparazzinews.com.br\/index.php?rest_route=\/wp\/v2\/users\/1"}],"replies":[{"embeddable":true,"href":"https:\/\/www.paparazzinews.com.br\/index.php?rest_route=%2Fwp%2Fv2%2Fcomments&post=5276"}],"version-history":[{"count":1,"href":"https:\/\/www.paparazzinews.com.br\/index.php?rest_route=\/wp\/v2\/posts\/5276\/revisions"}],"predecessor-version":[{"id":5278,"href":"https:\/\/www.paparazzinews.com.br\/index.php?rest_route=\/wp\/v2\/posts\/5276\/revisions\/5278"}],"wp:featuredmedia":[{"embeddable":true,"href":"https:\/\/www.paparazzinews.com.br\/index.php?rest_route=\/wp\/v2\/media\/5277"}],"wp:attachment":[{"href":"https:\/\/www.paparazzinews.com.br\/index.php?rest_route=%2Fwp%2Fv2%2Fmedia&parent=5276"}],"wp:term":[{"taxonomy":"category","embeddable":true,"href":"https:\/\/www.paparazzinews.com.br\/index.php?rest_route=%2Fwp%2Fv2%2Fcategories&post=5276"},{"taxonomy":"post_tag","embeddable":true,"href":"https:\/\/www.paparazzinews.com.br\/index.php?rest_route=%2Fwp%2Fv2%2Ftags&post=5276"}],"curies":[{"name":"wp","href":"https:\/\/api.w.org\/{rel}","templated":true}]}}